{"id":38372,"date":"1970-01-01T01:00:00","date_gmt":"1970-01-01T00:00:00","guid":{"rendered":"https:\/\/theworldwidejournal.com\/1970\/01\/01\/barkos-no-ve-terrorismo-en-la-agresion-de-alsasua-y-pide-proporcionalidad\/"},"modified":"1970-01-01T01:00:00","modified_gmt":"1970-01-01T00:00:00","slug":"barkos-no-ve-terrorismo-en-la-agresion-de-alsasua-y-pide-proporcionalidad","status":"publish","type":"post","link":"https:\/\/theworldwidejournal.com\/?p=38372","title":{"rendered":"Barkos no ve terrorismo en la agresi\u00f3n de Alsasua y pide \u00abproporcionalidad\u00bb"},"content":{"rendered":"<p>La presidenta de Navarra, Uxue Barkos, ha se\u00f1alado este martes que la Comisi\u00f3n Europea estar\u00e1 \u00abvigilante\u00bb en el proceso judicial a los ocho agresores de dos guardias civiles y sus parejas en Alsasua y ha advertido de que Espa\u00f1a puede \u00abvolver a llevarse un severo tir\u00f3n de orejas\u00bb de esta instituci\u00f3n europea. \u00abCuidado no nos volvamos a llevar un severo tir\u00f3n de orejas\u00bb ha dicho Barkos, en un desayuno informativo organizado por Nueva Econom\u00eda F\u00f3rum, en alusi\u00f3n a la resoluci\u00f3n de la justicia alemana en contra de la extradici\u00f3n a Espa\u00f1a de Carles Puigdemont por el delito de rebeli\u00f3n. La presidenta navarra tambi\u00e9n ha dejado claro que no pide impunidad para los agresores pero s\u00ed \u00abproporcionalidad\u00bb porque es un elemento b\u00e1sico de la justicia. Y una justicia lenta o desproporcionada no es justicia\u00bb ha dicho. Barkos ha insistido que su Gobierno est\u00e1 y estar\u00e1 \u00abcon los agredidos y, por supuesto, con las personas que pueden asistir a un caso de desproporci\u00f3n\u00bb. La responsable del Gobierno foral ha subrayado que, a su entender, los hechos de Alsasua no son delito de terrorismo y as\u00ed lo han corroborado juristas \u00abreconocidos y solventes\u00bb como el exmagistrado del Tribunal Supremo Joaqu\u00edn Jim\u00e9nez, el exmagistrado del Supremo Mat\u00edn Pall\u00edn o \u00abel padre de la legislaci\u00f3n antiterrorista Baltasar Garz\u00f3n\u00bb. Adem\u00e1s ha asegurado que en algunas ocasiones se ha sentido \u00abavergonzada\u00ab por \u00abla desmesura\u00bb con la que se ha calificado la actuaci\u00f3n de su Gobierno como instituci\u00f3n \u00abo de personas que han ido en defensa de la mesura en la aplicaci\u00f3n de la justicia y del C\u00f3digo Penal\u00bb.<br \/>\nVia: <a href=\"http:\/\/www.abc.es\/espana\/abci-barkos-no-terrorismo-agresiones-alsasua-y-pide-proporcionalidad-procesados-201804241112_noticia.html\" target=\"_blank\">Barkos no ve terrorismo en la agresi\u00f3n de Alsasua y pide \u00abproporcionalidad\u00bb<\/a><\/p>\n","protected":false},"excerpt":{"rendered":"<p>La presidenta de Navarra, Uxue Barkos, ha se\u00f1alado este martes que la Comisi\u00f3n Europea estar\u00e1 \u00abvigilante\u00bb en el proceso judicial a los ocho agresores de dos guardias civiles y sus parejas en Alsasua y ha advertido de que Espa\u00f1a puede \u00abvolver a llevarse un severo tir\u00f3n de orejas\u00bb de esta [&hellip;]<\/p>\n","protected":false},"author":2,"featured_media":38373,"comment_status":"open","ping_status":"closed","sticky":false,"template":"","format":"standard","meta":{"footnotes":""},"categories":[6],"tags":[],"class_list":["post-38372","post","type-post","status-publish","format-standard","has-post-thumbnail","hentry","category-spanish"],"_links":{"self":[{"href":"https:\/\/theworldwidejournal.com\/index.php?rest_route=\/wp\/v2\/posts\/38372","targetHints":{"allow":["GET"]}}],"collection":[{"href":"https:\/\/theworldwidejournal.com\/index.php?rest_route=\/wp\/v2\/posts"}],"about":[{"href":"https:\/\/theworldwidejournal.com\/index.php?rest_route=\/wp\/v2\/types\/post"}],"author":[{"embeddable":true,"href":"https:\/\/theworldwidejournal.com\/index.php?rest_route=\/wp\/v2\/users\/2"}],"replies":[{"embeddable":true,"href":"https:\/\/theworldwidejournal.com\/index.php?rest_route=%2Fwp%2Fv2%2Fcomments&post=38372"}],"version-history":[{"count":0,"href":"https:\/\/theworldwidejournal.com\/index.php?rest_route=\/wp\/v2\/posts\/38372\/revisions"}],"wp:featuredmedia":[{"embeddable":true,"href":"https:\/\/theworldwidejournal.com\/index.php?rest_route=\/wp\/v2\/media\/38373"}],"wp:attachment":[{"href":"https:\/\/theworldwidejournal.com\/index.php?rest_route=%2Fwp%2Fv2%2Fmedia&parent=38372"}],"wp:term":[{"taxonomy":"category","embeddable":true,"href":"https:\/\/theworldwidejournal.com\/index.php?rest_route=%2Fwp%2Fv2%2Fcategories&post=38372"},{"taxonomy":"post_tag","embeddable":true,"href":"https:\/\/theworldwidejournal.com\/index.php?rest_route=%2Fwp%2Fv2%2Ftags&post=38372"}],"curies":[{"name":"wp","href":"https:\/\/api.w.org\/{rel}","templated":true}]}}