{"id":38516,"date":"1970-01-01T01:00:00","date_gmt":"1970-01-01T00:00:00","guid":{"rendered":"https:\/\/theworldwidejournal.com\/1970\/01\/01\/cs-y-el-pp-catalan-recurriran-ante-el-tc-el-voto-delegado-de-comin\/"},"modified":"1970-01-01T01:00:00","modified_gmt":"1970-01-01T00:00:00","slug":"cs-y-el-pp-catalan-recurriran-ante-el-tc-el-voto-delegado-de-comin","status":"publish","type":"post","link":"https:\/\/theworldwidejournal.com\/?p=38516","title":{"rendered":"Cs y el PP catal\u00e1n recurrir\u00e1n ante el TC el voto delegado de Com\u00edn"},"content":{"rendered":"<p>Tal y como estaba previsto, la mayor\u00eda independentista que forman Junts per Catalunya (JpC) y ERC en la Mesa del Parlamento de Catalu\u00f1a ha rechazado las tres peticiones de reconsideraci\u00f3n para que Toni Com\u00edn (ERC) no pueda delegar su voto en los plenos parlamentarios. La decisi\u00f3n se ha adoptado en una reuni\u00f3n de la Mesa, prevista ayer, y poco antes del inicio del pleno que aprobar\u00e1 dos decretos (uno para que los funcionarios recuperen la paga extra de 2012) firmados por el Gobierno de Espa\u00f1a en tanto que gobierno catal\u00e1n en funciones. Cs, el PSC y el PP solicitaron ayer, tras la decisi\u00f3n de admitir la petici\u00f3n de voto delegado de Com\u00edn, que se reconsiderase la decisi\u00f3n, y esta ma\u00f1ana la Mesa ha ratificado su posici\u00f3n, que permitir\u00e1 a JpC y ERC tener mayor\u00eda en el hemiciclo sin necesidad de contar con la CUP. Esta delegaci\u00f3n de voto est\u00e1 envuelta en una pol\u00e9mica pol\u00edtica que afecta al Gobierno, ya que el Tribunal Constitucional (TC) orden\u00f3 el pasado 27 de enero que los diputados auton\u00f3micos en busca por el Tribunal Supremo (como es el caso de Com\u00edn y de Carles Puigdemont) no puedieran delegar su voto (para las sesiones de investidura) hasta que se pusieran a disposici\u00f3n de la Justicia espa\u00f1ola. La Mesa del Parlament acaba de denegar nuestra petici\u00f3n de reconsideraci\u00f3n sobre la delegaci\u00f3n del voto de Com\u00edn. Agotada ya la v\u00eda parlamentaria y ante la inacci\u00f3n del Gobierno respecto a la delegaci\u00f3n de voto de Puigdemont y Com\u00edn, vamos a presentar recurso de amparo ante el TC&mdash; In\u00e9s Arrimadas (@InesArrimadas) 25 de abril de 2018 En esta l\u00ednea, tras conocer la decisi\u00f3n de la Mesa del Parlamento catal\u00e1n, la l\u00edder de Cs, In\u00e9s Arrimadas, ha anunciado que presentar\u00e1 un recurso de amparo ante el TC. Ayer, tanto Cs como el PSC exigieron al Gobierno que tomara la iniciativa y presentara el correspondiente recurso ante el Alto Tribunal, ya que si el recurso es del Ejecutivo la medida del voto delegado quedar\u00eda en suspenso hasta que el TC decidiera sobre su legalidad. Antes de la primera votaci\u00f3n del d\u00eda, en la que Com\u00edn ha participado delegando su voto en Sergi Sabri\u00e0, l\u00edder de ERC en el Parlamento auton\u00f3mico, Arrimadas ha recordado que Cs llevar\u00e1 el asunto ante el TC y ha criticado que \u00abeste Parlamento d\u00e9 premios para los que huyen de la Justicia, que viven en otro pa\u00eds, no vienen a trabajar y cobran del erario p\u00fablico\u00bb. La l\u00edder de CS ha criticado, adem\u00e1s, el \u00abuso partidista del Parlamento\u00bb y ha se\u00f1alado que esta C\u00e1mara auton\u00f3mica no puede convertirse en el \u00abgabiente jur\u00eddico de los fugados de la Justicia\u00bb. En la formaci\u00f3n naranja consideran que su recurso puede tardar varios meses en resolverse. Pasado el mediod\u00eda, el l\u00edder del PP catal\u00e1n, Xavier Garc\u00eda Albiol, tambi\u00e9n ha informado de que los populares presentar\u00e1n un recurso de amparo ante el TC por la decisi\u00f3n de la Mesa parlamentaria de permitir el voto delegado de Com\u00edn. Primera votaci\u00f3n: presupuesto del Parlamento La primera votaci\u00f3n delegada de Com\u00edn ha sido la aprobaci\u00f3n de dos informes sobre el cumplimiento del presupuesto de la C\u00e1mara legislativa catalana de 2017. Los informes se han aprobado con 131 votos a favor (todos los grupos menos la CUP) y cuatro abstenciones (de la CUP). Adem\u00e1s de Com\u00edn, tambi\u00e9n han votado delegadamente Oriol Junqueras, Jordi S\u00e0nchez, Ra\u00fcl Romeva, Jordi Turull, Josep Rull y Carles Puigdemont.<br \/>\nVia: <a href=\"http:\/\/www.abc.es\/espana\/catalunya\/politica\/abci-mesa-ratifica-comin-pueda-votar-delegando-voto-y-rechaza-quejas-y-pp-201804251000_noticia.html\" target=\"_blank\">Cs y el PP catal\u00e1n recurrir\u00e1n ante el TC el voto delegado de Com\u00edn<\/a><\/p>\n","protected":false},"excerpt":{"rendered":"<p>Tal y como estaba previsto, la mayor\u00eda independentista que forman Junts per Catalunya (JpC) y ERC en la Mesa del Parlamento de Catalu\u00f1a ha rechazado las tres peticiones de reconsideraci\u00f3n para que Toni Com\u00edn (ERC) no pueda delegar su voto en los plenos parlamentarios. La decisi\u00f3n se ha adoptado en [&hellip;]<\/p>\n","protected":false},"author":2,"featured_media":38517,"comment_status":"open","ping_status":"closed","sticky":false,"template":"","format":"standard","meta":{"footnotes":""},"categories":[6],"tags":[],"class_list":["post-38516","post","type-post","status-publish","format-standard","has-post-thumbnail","hentry","category-spanish"],"_links":{"self":[{"href":"https:\/\/theworldwidejournal.com\/index.php?rest_route=\/wp\/v2\/posts\/38516","targetHints":{"allow":["GET"]}}],"collection":[{"href":"https:\/\/theworldwidejournal.com\/index.php?rest_route=\/wp\/v2\/posts"}],"about":[{"href":"https:\/\/theworldwidejournal.com\/index.php?rest_route=\/wp\/v2\/types\/post"}],"author":[{"embeddable":true,"href":"https:\/\/theworldwidejournal.com\/index.php?rest_route=\/wp\/v2\/users\/2"}],"replies":[{"embeddable":true,"href":"https:\/\/theworldwidejournal.com\/index.php?rest_route=%2Fwp%2Fv2%2Fcomments&post=38516"}],"version-history":[{"count":0,"href":"https:\/\/theworldwidejournal.com\/index.php?rest_route=\/wp\/v2\/posts\/38516\/revisions"}],"wp:featuredmedia":[{"embeddable":true,"href":"https:\/\/theworldwidejournal.com\/index.php?rest_route=\/wp\/v2\/media\/38517"}],"wp:attachment":[{"href":"https:\/\/theworldwidejournal.com\/index.php?rest_route=%2Fwp%2Fv2%2Fmedia&parent=38516"}],"wp:term":[{"taxonomy":"category","embeddable":true,"href":"https:\/\/theworldwidejournal.com\/index.php?rest_route=%2Fwp%2Fv2%2Fcategories&post=38516"},{"taxonomy":"post_tag","embeddable":true,"href":"https:\/\/theworldwidejournal.com\/index.php?rest_route=%2Fwp%2Fv2%2Ftags&post=38516"}],"curies":[{"name":"wp","href":"https:\/\/api.w.org\/{rel}","templated":true}]}}