{"id":38589,"date":"1970-01-01T01:00:00","date_gmt":"1970-01-01T00:00:00","guid":{"rendered":"https:\/\/theworldwidejournal.com\/1970\/01\/01\/la-fiscalia-no-ve-motivos-para-que-la-huelga-del-8-n-sea-declarada-ilegal\/"},"modified":"1970-01-01T01:00:00","modified_gmt":"1970-01-01T00:00:00","slug":"la-fiscalia-no-ve-motivos-para-que-la-huelga-del-8-n-sea-declarada-ilegal","status":"publish","type":"post","link":"https:\/\/theworldwidejournal.com\/?p=38589","title":{"rendered":"La Fiscal\u00eda no ve motivos para que la huelga del 8-N sea declarada ilegal"},"content":{"rendered":"<p>\u00bfHay o no hay elementos suficientes para concluir que la convocatoria de la huelga general del pasado 8 de noviembre en Catalu\u00f1a ten\u00eda motivaciones pol\u00edticas y no laborales y, por tanto, deber\u00eda declararse ilegal? La patronal Fomento del Trabajo considera que s\u00ed y por eso demand\u00f3 a la Intersindical-CSC, una entidad de corte independentista y responsable de la convocatoria. Les reclama, adem\u00e1s, 100.000 euros por da\u00f1os y perjuicios. Pero la patronal se encontr\u00f3 ayer un importante escollo en sus pretensiones. En el juicio que acogi\u00f3 la Sala de lo Social del Tribunal Superior de Justicia de Catalu\u00f1a (TSJC), la Fiscal\u00eda consider\u00f3 que no hay motivos para tachar de ilegal aquella convocatoria. \u00abLas alegaciones de que las motivaciones son pol\u00edticas y no son laborales no han quedado acreditadas\u00bb, concluy\u00f3 en su intervenci\u00f3n el fiscal Joaquim P\u00e9rez de Gregorio. Eso s\u00ed, el fiscal reconoci\u00f3 que \u00abtoda huelga tiene una fundamentaci\u00f3n pol\u00edtica\u00bb pero no por eso puede declararse ilegal. P\u00e9rez de Gregorio hizo estas valoraciones pero cree que ni habr\u00eda que entrar a valorarlo, por dos razones que esgrimi\u00f3 ayer ante el tribunal: la Sala de lo Social no ser\u00eda la competente para tramitar la causa -deber\u00eda dirimirse por la v\u00eda contenciosa- y, adem\u00e1s, Fomento del Trabajo no estar\u00eda legitimado para hacer esta reclamaci\u00f3n. Sobre la petici\u00f3n de 100.000 euros de la patronal no quiso ni entrar a valorarla. El abogado de la Intersindical, Carles Hurtado, defendi\u00f3 que el paro se convoc\u00f3 por cuestiones laborales. Eso s\u00ed, admiti\u00f3 que, evidentemente, la huelga se produjo en unas determinadas circunstancias. \u00abEs imposible desvincular la huelga del contexto pol\u00edtico\u00bb, reconoci\u00f3 el letrado. \u00bfCu\u00e1l era ese \u00abcontexto pol\u00edtico\u00bb? M\u00e1s de un mes antes se hab\u00eda celebrado el refer\u00e9ndum del 1-O, que acab\u00f3 con numerosas cargas policiales. El 27 de octubre en el Parlamento catal\u00e1n se hab\u00eda proclamado la secesi\u00f3n y, el 8 de noviembre, varios de los l\u00edderes independentistas ya estaban encarcelados por su papel en el \u00abproc\u00e9s\u00bb. Ese 8-N tambi\u00e9n supuso la puesta de largo de los Comit\u00e9s en Defensa de la Rep\u00fablica (CDR). Fue ese d\u00eda cuando decenas de activistas sabotearon las v\u00edas de Alta Velocidad de la estaci\u00f3n de Sants en una protesta de marcado car\u00e1cter independentista. Ahora, el TSJC debe decidir si acepta o no la demanda de Fomento contra la Intersindical, que lidera Carles Sastre, un exmiembro de Terra Lliure que fue condenado a 48 a\u00f1os de prisi\u00f3n por el asesinato del empresario Jos\u00e9 Mar\u00eda Bult\u00f3, presidente de la qu\u00edmica Cros. Cumpli\u00f3 once a\u00f1os.<br \/>\nVia: <a href=\"http:\/\/www.abc.es\/espana\/abci-fiscalia-no-motivos-para-declarar-ilegal-huelga-201804260149_noticia.html\" target=\"_blank\">La Fiscal\u00eda no ve motivos para que la huelga del 8-N sea declarada ilegal<\/a><\/p>\n","protected":false},"excerpt":{"rendered":"<p>\u00bfHay o no hay elementos suficientes para concluir que la convocatoria de la huelga general del pasado 8 de noviembre en Catalu\u00f1a ten\u00eda motivaciones pol\u00edticas y no laborales y, por tanto, deber\u00eda declararse ilegal? La patronal Fomento del Trabajo considera que s\u00ed y por eso demand\u00f3 a la Intersindical-CSC, una [&hellip;]<\/p>\n","protected":false},"author":2,"featured_media":38590,"comment_status":"open","ping_status":"closed","sticky":false,"template":"","format":"standard","meta":{"footnotes":""},"categories":[6],"tags":[],"class_list":["post-38589","post","type-post","status-publish","format-standard","has-post-thumbnail","hentry","category-spanish"],"_links":{"self":[{"href":"https:\/\/theworldwidejournal.com\/index.php?rest_route=\/wp\/v2\/posts\/38589","targetHints":{"allow":["GET"]}}],"collection":[{"href":"https:\/\/theworldwidejournal.com\/index.php?rest_route=\/wp\/v2\/posts"}],"about":[{"href":"https:\/\/theworldwidejournal.com\/index.php?rest_route=\/wp\/v2\/types\/post"}],"author":[{"embeddable":true,"href":"https:\/\/theworldwidejournal.com\/index.php?rest_route=\/wp\/v2\/users\/2"}],"replies":[{"embeddable":true,"href":"https:\/\/theworldwidejournal.com\/index.php?rest_route=%2Fwp%2Fv2%2Fcomments&post=38589"}],"version-history":[{"count":0,"href":"https:\/\/theworldwidejournal.com\/index.php?rest_route=\/wp\/v2\/posts\/38589\/revisions"}],"wp:featuredmedia":[{"embeddable":true,"href":"https:\/\/theworldwidejournal.com\/index.php?rest_route=\/wp\/v2\/media\/38590"}],"wp:attachment":[{"href":"https:\/\/theworldwidejournal.com\/index.php?rest_route=%2Fwp%2Fv2%2Fmedia&parent=38589"}],"wp:term":[{"taxonomy":"category","embeddable":true,"href":"https:\/\/theworldwidejournal.com\/index.php?rest_route=%2Fwp%2Fv2%2Fcategories&post=38589"},{"taxonomy":"post_tag","embeddable":true,"href":"https:\/\/theworldwidejournal.com\/index.php?rest_route=%2Fwp%2Fv2%2Ftags&post=38589"}],"curies":[{"name":"wp","href":"https:\/\/api.w.org\/{rel}","templated":true}]}}