{"id":38591,"date":"1970-01-01T01:00:00","date_gmt":"1970-01-01T00:00:00","guid":{"rendered":"https:\/\/theworldwidejournal.com\/1970\/01\/01\/rajoy-pacta-con-el-pnv-subir-las-pensiones-y-deja-en-evidencia-a-cs\/"},"modified":"1970-01-01T01:00:00","modified_gmt":"1970-01-01T00:00:00","slug":"rajoy-pacta-con-el-pnv-subir-las-pensiones-y-deja-en-evidencia-a-cs","status":"publish","type":"post","link":"https:\/\/theworldwidejournal.com\/?p=38591","title":{"rendered":"Rajoy pacta con el PNV subir las pensiones y deja en evidencia a Cs"},"content":{"rendered":"<p>Los pensionistas espa\u00f1oles est\u00e1n de enhorabuena. El presidente del Gobierno, Mariano Rajoy, ha terminado por acceder ayer a sus pretensiones, disuadido por el presidente del PNV, Andoni Ortuzar, tal y como adelant\u00f3 el martes ABC. Rajoy y Ortuzar cerraron ayer en el Congreso los \u00faltimos flecos de un acuerdo de apoyo a los Presupuestos que contempla una subida de generalizada de las pensiones del 1,6 por ciento en 2018 y conforme al IPC en 2019. Adem\u00e1s, se retrasa de 2019 a 2023 la aplicaci\u00f3n del Factor de Sostenibilidad ligado a la esperanza de vida, mientras la base reguladora de las pensiones de viudedad ascender\u00e1 al 56 por ciento este a\u00f1o y al 60 por ciento en 2019. Las pensiones m\u00ednimas mantendr\u00e1n el alza prevista del 3 por ciento. Rajoy otorga tambi\u00e9n el compromiso de retirar el art\u00edculo 155 en cuanto Catalu\u00f1a tenga gobierno. A cambio, el grupo vasco votar\u00e1 hoy en contra de las enmiendas de totalidad presentadas por PSOE, Podemos, ERC y el Grupo Mixto contra las cuentas, permitiendo que sigan su tramitaci\u00f3n parlamentaria. Rajoy logra as\u00ed un doble objetivo: salva los Presupuestos y apacigua el malestar de un nicho clave de votantes, los jubilados. A puerta cerrada El anuncio de la subida de las pensiones fue realizado al mediod\u00eda por el portavoz del PNV, Aitor Esteban, asumiendo el m\u00e9rito la medida, y cogiendo por sorpresa al socio preferente del Ejecutivo, Ciudadanos, que se enter\u00f3 al mismo tiempo que la Prensa. A puerta cerrada, la formaci\u00f3n naranja no ocult\u00f3 su irritaci\u00f3n al haber asumido el criterio del Gobierno de que no hab\u00eda capacidad financiera para indexar las pensiones al IPC, con el consiguiente coste pol\u00edtico. \u00abNos dijeron que no pod\u00edan subirse las pensiones porque no hab\u00eda dinero. Y ahora resulta que s\u00ed lo hab\u00eda\u00bb, criticaba un dirigente de la formaci\u00f3n. \u00abCiudadanos est\u00e1 a favor de que se suban las pensiones, l\u00f3gicamente, pero no lo reclamamos porque nos dijeron que no hab\u00eda dinero y lo cre\u00edmos\u00bb, insist\u00edan. En p\u00fablico, el n\u00famero dos de la formaci\u00f3n, Jos\u00e9 Manuel Villegas, intent\u00f3 darle la vuelta a la situaci\u00f3n y poner en valor la negociaci\u00f3n de su grupo. Asegur\u00f3 que la subida de las pensiones conseguida por el PNV es solo un complemento de las alzas que ya le hab\u00eda arrancado Ciudadanos al Gobierno. Montoro y su subconsciente La precipitaci\u00f3n de la medida cogi\u00f3 con el pie cambiado incluso al ministro de Hacienda, Crist\u00f3bal Montoro, quien defendi\u00f3 el car\u00e1cter apol\u00edtico que deben tener las pensiones durante el debate de totalidad de los Presupuestos, mientras Rajoy le observaba con seriedad desde su esca\u00f1o. \u00abYa tuvimos en el a\u00f1o 1990 este debate en esta misma C\u00e1mara y culmin\u00f3 en el Pacto de Toledo, que lo que vino a significar es que las pensiones sal\u00edan del debate pol\u00edtico en nuestro pa\u00eds\u00bb, record\u00f3 desde la tribuna de oradores, reivindicando el Pacto de Toledo como el foro donde deben acordarse las cuestiones de pensiones. Por la tarde, volvi\u00f3 a reivindicar esta idea despertando murmullos generalizados en el Pleno. Coste y aplicaci\u00f3n El anuncio de la subida de las pensiones deja varias inc\u00f3gnitas que el Gobierno deber\u00e1 despejar en los pr\u00f3ximos d\u00edas. Ayer Montoro no quiso responder a las preguntas sobre cu\u00e1nto costar\u00e1 la medida y de d\u00f3nde saldr\u00e1 el dinero para financiarla. Ciudadanos calculaba ayer unos 1.000 millones de euros de coste. Una posibilidad es que ese importe se consigne como d\u00e9ficit de la Seguridad Social y se eleve en una d\u00e9cima el d\u00e9ficit del Estado. Una v\u00eda que en principio no tiene por qu\u00e9 ser problem\u00e1tica porque Espa\u00f1a ha salido ya del procedimiento europeo de d\u00e9ficit excesivo y una desviaci\u00f3n de ese tama\u00f1o no puede acarrearle ya sanciones desde Bruselas. Otra opci\u00f3n que parece menos probable es rebajar otra partida presupuestaria en el mismo importe. El PNV dispone hasta el viernes a las 14 horas para presentar sus enmiendas parciales. Montoro pas\u00f3 por encima de todo ello y reclam\u00f3 la defensa de los Presupuestos para pasar de \u00abrepartir los sacrificios de la crisis\u00bb a \u00abrepartir los beneficios de la recuperaci\u00f3n\u00bb. \u00abSuponen mejorar la renta de 13 millones de personas y sus familias mediante la subida a los empleados p\u00fablicos y las pensiones (&#8230;). Suponen tambi\u00e9n un avance en la rebaja de los impuestos para las rentas inferiores, m\u00e1s dinero para becas, m\u00e1s dinero para los servicios p\u00fablicos fundamentales y m\u00e1s dinero para las organizaciones del tercer sector. Suponen mejorar la financiaci\u00f3n de las comunidades y m\u00e1s inversiones p\u00fablicas\u00bb, abund\u00f3. \u00abEstamos ante la oportunidad de que Espa\u00f1a tenga ante s\u00ed la mejor etapa de prosperidad y de bienestar de su historia\u00bb, remach\u00f3, recordando que ning\u00fan otro presupuesto de la democracia ha dedicado tanto esfuerzo a gasto social. Pero el golpe de tim\u00f3n del Gobierno fue el caldo de cultivo para las cr\u00edticas de la oposici\u00f3n. \u00abUtilizan las pensiones como una mercanc\u00eda para negociar, para la negociaci\u00f3n pol\u00edtica, y eso es un esc\u00e1ndalo. Resulta que no hab\u00eda dinero para que los pensionistas no perdieran poder adquisitivo y ahora s\u00ed lo hay\u00bb, carg\u00f3 durante el debate el portavoz del PSOE en materia de Presupuestos, Pedro Saura. Montoro le contest\u00f3. \u00abNo es que no hubiera dinero, es que no hab\u00eda acuerdos pol\u00edticos y ahora s\u00ed los hay\u00bb. Por su parte, el secretario general de Podemos, Pablo Iglesias, destac\u00f3 en los pasillos de la C\u00e1mara la \u00abmarcha atr\u00e1s\u00bb del Ejecutivo. A su juicio, las movilizaciones han llevado a Rajoy \u00aba rectificar\u00bb y \u00aba que se le cayera la cara de verg\u00fcenza\u00bb. Tanto PSOE como Podemos insistieron en criticar las cuentas como un insulto a los ciudadanos. Hoy no puede haber errores No obstante, a\u00fan con el apoyo del PNV el equilibrio de fuerzas se sit\u00faa en empate de 175 votos a favor frente a 175 en contra. Cualquier falta o error en los diputados del bando del Gobierno ser\u00e1 fatal para las cuentas, ya que es necesario el empate durante tres votaciones para que no sean devueltas. Tres horas de reuni\u00f3n para sellar el pacto Itziar Reyero Lo adelant\u00f3 el martes ABC en&hellip;<br \/>\nVia: <a href=\"http:\/\/www.abc.es\/espana\/abci-rajoy-pacta-subir-todas-pensiones-y-deja-evidencia-ciudadanos-201804260156_noticia.html\" target=\"_blank\">Rajoy pacta con el PNV subir las pensiones y deja en evidencia a Cs<\/a><\/p>\n","protected":false},"excerpt":{"rendered":"<p>Los pensionistas espa\u00f1oles est\u00e1n de enhorabuena. El presidente del Gobierno, Mariano Rajoy, ha terminado por acceder ayer a sus pretensiones, disuadido por el presidente del PNV, Andoni Ortuzar, tal y como adelant\u00f3 el martes ABC. Rajoy y Ortuzar cerraron ayer en el Congreso los \u00faltimos flecos de un acuerdo de [&hellip;]<\/p>\n","protected":false},"author":2,"featured_media":38592,"comment_status":"open","ping_status":"closed","sticky":false,"template":"","format":"standard","meta":{"footnotes":""},"categories":[6],"tags":[],"class_list":["post-38591","post","type-post","status-publish","format-standard","has-post-thumbnail","hentry","category-spanish"],"_links":{"self":[{"href":"https:\/\/theworldwidejournal.com\/index.php?rest_route=\/wp\/v2\/posts\/38591","targetHints":{"allow":["GET"]}}],"collection":[{"href":"https:\/\/theworldwidejournal.com\/index.php?rest_route=\/wp\/v2\/posts"}],"about":[{"href":"https:\/\/theworldwidejournal.com\/index.php?rest_route=\/wp\/v2\/types\/post"}],"author":[{"embeddable":true,"href":"https:\/\/theworldwidejournal.com\/index.php?rest_route=\/wp\/v2\/users\/2"}],"replies":[{"embeddable":true,"href":"https:\/\/theworldwidejournal.com\/index.php?rest_route=%2Fwp%2Fv2%2Fcomments&post=38591"}],"version-history":[{"count":0,"href":"https:\/\/theworldwidejournal.com\/index.php?rest_route=\/wp\/v2\/posts\/38591\/revisions"}],"wp:featuredmedia":[{"embeddable":true,"href":"https:\/\/theworldwidejournal.com\/index.php?rest_route=\/wp\/v2\/media\/38592"}],"wp:attachment":[{"href":"https:\/\/theworldwidejournal.com\/index.php?rest_route=%2Fwp%2Fv2%2Fmedia&parent=38591"}],"wp:term":[{"taxonomy":"category","embeddable":true,"href":"https:\/\/theworldwidejournal.com\/index.php?rest_route=%2Fwp%2Fv2%2Fcategories&post=38591"},{"taxonomy":"post_tag","embeddable":true,"href":"https:\/\/theworldwidejournal.com\/index.php?rest_route=%2Fwp%2Fv2%2Ftags&post=38591"}],"curies":[{"name":"wp","href":"https:\/\/api.w.org\/{rel}","templated":true}]}}