{"id":38658,"date":"1970-01-01T01:00:00","date_gmt":"1970-01-01T00:00:00","guid":{"rendered":"https:\/\/theworldwidejournal.com\/1970\/01\/01\/la-manada-condenada-por-abusos-y-no-por-agresion-sexual\/"},"modified":"1970-01-01T01:00:00","modified_gmt":"1970-01-01T00:00:00","slug":"la-manada-condenada-por-abusos-y-no-por-agresion-sexual","status":"publish","type":"post","link":"https:\/\/theworldwidejournal.com\/?p=38658","title":{"rendered":"\u00abLa Manada\u00bb, condenada por abusos y no por agresi\u00f3n sexual"},"content":{"rendered":"<p>Culpables de abuso sexual , esa es la conclusi\u00f3n de la sentencia de la Audiencia de Navarra que ha condenado a \u00abLa Manada\u00bb, los cinco j\u00f3venes sevillanos a los que se ha juzgado por la agresi\u00f3n sexual en grupo a C., una madrile\u00f1a que tiene ahora 20 a\u00f1os, en los Sanfermines de 2016. La sentencia condena a Jose \u00c1ngel Prenda como responsable en concepto de autor de abuso sexual continuado a 9 a\u00f1os de prisi\u00f3n, 15 a\u00f1os de alejamiento a m\u00e1s de 500 metros de la v\u00edctima, 5 a\u00f1os de libertad vigilada posterior a la pena privativa de libertad, y a una indemnizaci\u00f3n con el resto de condenados de 50 mil euros; a \u00c1ngel Boza como autor de un delito continuado de abuso sexual a 9 a\u00f1os de prisi\u00f3n, alejamiento de la v\u00edctima a m\u00e1s de 500 metros durante 15 a\u00f1os, 5 a\u00f1os de libertad vigilada, y 50 mil euros de indemnizaci\u00f3n entre todos los condenados; a Antonio Manuel Guerrero como autor de un delito de abuso sexual continuado a la pena de 9 a\u00f1os de c\u00e1rcel, alejamiento de la v\u00edctima a m\u00e1s de 500 metros durante 15 a\u00f1os, 5 a\u00f1os de libertad vigilada, y 50 mil euros de indemnizaci\u00f3n entre todos los condenados, adem\u00e1s de dos meses de multa, a 15 euros diarios, por un delito de hurto . A Alfonso Jes\u00fas Cabezuelo le condenan a 9 a\u00f1os de prisi\u00f3n, alejamiento de la v\u00edctima a m\u00e1s de 500 metros durante 15 a\u00f1os, 5 a\u00f1os de libertad vigilada, y 50 mil euros de indemnizaci\u00f3n entre todos los condenados; y a Jes\u00fas Escudero Dom\u00ednguez, a 9 a\u00f1os de prisi\u00f3n por un delito de abuso sexual continuado, alejamiento de la v\u00edctima a m\u00e1s de 500 metros durante 15 a\u00f1os, 5 a\u00f1os de libertad vigilada, y 50 mil euros de indemnizaci\u00f3n entre todos los condenados. Sin embargo, los jueces absuelven a Jos\u00e9 \u00c1ngel Prenda, \u00c1ngel Bozas, Antonio Manuel Guerrero, Alfonso Jes\u00fas Cabezuelo, y a Jes\u00fas Escudero Dom\u00ednguez de los delitos de agresi\u00f3n sexual, de robo con violencia y de un delito contra la intimidad por la grabaci\u00f3n y difusi\u00f3n del v\u00eddeo. La Audiencia de Navarra los absuelve de agresi\u00f3n sexual y los condena por abuso sexual al entender no hubo violencia sino que los hechos se produjeron al obtener el consentimiento de la v\u00edctima prevali\u00e9ndose los responsables de una situaci\u00f3n de superioridad manifiesta que coart\u00f3 la libertad de la v\u00edctima. Esa conducta se recoge en el art\u00edculo 181.3 del C\u00f3digo Penal, agravado al haberse producido el acceso carnal. El C\u00f3digo establece para esas conductas penas de entre 4 y 10 a\u00f1os de prisi\u00f3n. Voto particular Hay un voto particular del magistrado Ricardo Gonz\u00e1lez que considera que se deber\u00eda absolver a Prenda, Boza, Guerrero, Cabezuelo y Escudero del delito continuado de agresi\u00f3n sexual, del delito de robo con violencia y de delito contra la intimidad. Tan solo condenar\u00eda a Guerrero por un delito de hurto. Al grito de \u00abes violaci\u00f3n, no es abuso\u00bb ha sido recibido en las puertas de la Audiencia de Navarra el fallo. Varios centenares de personas, muchas de ellas exhibiendo manos rojas, s\u00edmbolo contra las agresiones sexistas, permanecen concentradas ante las puertas del Palacio de Justicia, donde han expresado de esta forma su disconformidad con el fallo y han repetido la consigna de \u00abyo s\u00ed te creo\u00bb. La concentraci\u00f3n, convocada por los colectivos feministas Andrea, Lunes Lilas y Gafas Moradas, tiene como lema \u00ab\u00a1No es no! \u00a1Justicia!\u00bb. El abogado de la v\u00edctima, Miguel \u00c1ngel Mor\u00e1n, tambi\u00e9n ha manifestado que est\u00e1 \u00abdecepcionado\u00bb con el fallo de la sentencia. La condena por abuso, y no por agresi\u00f3n sexual, no era lo que esperaba. La sentencia, cinco meses despu\u00e9s Cinco meses han tardado los tres magistrados en llegar a una conclusi\u00f3n. Los integrantes de \u00abLa Manada\u00bb: Jos\u00e9 \u00c1ngel P. y Jes\u00fas E., \u00c1ngel B., Alfonso Jes\u00fas C., y A. M. G. han conocido la sentencia desde las respectivas c\u00e1rceles donde se encuentran. En la sala de vistas s\u00ed han estado sus abogados, as\u00ed como la fiscal, la acusaci\u00f3n particular y las acusaciones populares ejercidas por el Gobierno de Navarra y el Ayuntamiento de Pamplona. El juez Jos\u00e9 Francisco Cobo ha sido el encargado de dar lectura p\u00fablica al fallo, que ha comenzado con retraso debido a la gran afluencia de periodistas. Los cinco sevillanos se enfrentaban a unas penas que var\u00edaban entre los 22 y los casi 26 a\u00f1os de c\u00e1rcel por delitos de agresi\u00f3n sexual por los actos que presuntamente obligaron a hacer a la v\u00edctima; un delito contra la intimidad por grabar los hechos con intenci\u00f3n de compartirlos, al menos, en su grupo de WhatsApp; y un delito de robo por quitarle el m\u00f3vil a la v\u00edctima (que en el juicio admiti\u00f3 el guardia civil, A.M.G.). La lectura del fallo de la sentencia de la supuesta violaci\u00f3n grupal de los Sanfermines de 2016 a una joven madrile\u00f1a este jueves ha generado una gran expectaci\u00f3n medi\u00e1tica en el Palacio de Justicia de Pamplona, cinco meses despu\u00e9s de que finalizara la vista oral el pasado 28 de noviembre.<br \/>\nVia: <a href=\"http:\/\/www.abc.es\/sociedad\/abci-sentencia-manada-condenados-tres-acusados-9-anos-prision-abuso-sexual-201804261321_noticia.html\" target=\"_blank\">\u00abLa Manada\u00bb, condenada por abusos y no por agresi\u00f3n sexual<\/a><\/p>\n","protected":false},"excerpt":{"rendered":"<p>Culpables de abuso sexual , esa es la conclusi\u00f3n de la sentencia de la Audiencia de Navarra que ha condenado a \u00abLa Manada\u00bb, los cinco j\u00f3venes sevillanos a los que se ha juzgado por la agresi\u00f3n sexual en grupo a C., una madrile\u00f1a que tiene ahora 20 a\u00f1os, en los [&hellip;]<\/p>\n","protected":false},"author":2,"featured_media":38659,"comment_status":"open","ping_status":"closed","sticky":false,"template":"","format":"standard","meta":{"footnotes":""},"categories":[6],"tags":[],"class_list":["post-38658","post","type-post","status-publish","format-standard","has-post-thumbnail","hentry","category-spanish"],"_links":{"self":[{"href":"https:\/\/theworldwidejournal.com\/index.php?rest_route=\/wp\/v2\/posts\/38658","targetHints":{"allow":["GET"]}}],"collection":[{"href":"https:\/\/theworldwidejournal.com\/index.php?rest_route=\/wp\/v2\/posts"}],"about":[{"href":"https:\/\/theworldwidejournal.com\/index.php?rest_route=\/wp\/v2\/types\/post"}],"author":[{"embeddable":true,"href":"https:\/\/theworldwidejournal.com\/index.php?rest_route=\/wp\/v2\/users\/2"}],"replies":[{"embeddable":true,"href":"https:\/\/theworldwidejournal.com\/index.php?rest_route=%2Fwp%2Fv2%2Fcomments&post=38658"}],"version-history":[{"count":0,"href":"https:\/\/theworldwidejournal.com\/index.php?rest_route=\/wp\/v2\/posts\/38658\/revisions"}],"wp:featuredmedia":[{"embeddable":true,"href":"https:\/\/theworldwidejournal.com\/index.php?rest_route=\/wp\/v2\/media\/38659"}],"wp:attachment":[{"href":"https:\/\/theworldwidejournal.com\/index.php?rest_route=%2Fwp%2Fv2%2Fmedia&parent=38658"}],"wp:term":[{"taxonomy":"category","embeddable":true,"href":"https:\/\/theworldwidejournal.com\/index.php?rest_route=%2Fwp%2Fv2%2Fcategories&post=38658"},{"taxonomy":"post_tag","embeddable":true,"href":"https:\/\/theworldwidejournal.com\/index.php?rest_route=%2Fwp%2Fv2%2Ftags&post=38658"}],"curies":[{"name":"wp","href":"https:\/\/api.w.org\/{rel}","templated":true}]}}