{"id":38734,"date":"1970-01-01T01:00:00","date_gmt":"1970-01-01T00:00:00","guid":{"rendered":"https:\/\/theworldwidejournal.com\/1970\/01\/01\/el-gobierno-actua-en-la-humillacion-a-hijos-de-guardias-civiles-en-cataluna\/"},"modified":"1970-01-01T01:00:00","modified_gmt":"1970-01-01T00:00:00","slug":"el-gobierno-actua-en-la-humillacion-a-hijos-de-guardias-civiles-en-cataluna","status":"publish","type":"post","link":"https:\/\/theworldwidejournal.com\/?p=38734","title":{"rendered":"El Gobierno act\u00faa en la humillaci\u00f3n a hijos de guardias civiles en Catalu\u00f1a"},"content":{"rendered":"<p>El Gobierno ha decidido actuar en el caso de las humillaciones a hijos de guardias civiles en las clases del IES El Palau de Sant Andreu de la Barca, un d\u00eda despu\u00e9s de las cargas policiales del 1 de octubre. El detonante de la reacci\u00f3n del Ministerio de Educaci\u00f3n ha sido la denuncia presentada por la Fiscal\u00eda especial de delitos de odio y discriminaci\u00f3n de Barcelona contra nueve docentes de este centro escolar por \u00abhumillar\u00bb a los ni\u00f1os. Esta grave situaci\u00f3n ha llevado al departamento que dirige el ministro \u00cd\u00f1igo M\u00e9ndez de Vigo a enviar una carta a la Generalitat de Catalu\u00f1a, a cuyo contenido ha tenido acceso ABC. En esta misiva reclama una amplia documentaci\u00f3n sobre el caso. El Ministerio quiere \u00abla documentaci\u00f3n sobre el protocolo de quejas del profesorado efectuado en el centro \u2013quejas de los padres, traslado al profesorado en cuesti\u00f3n y resoluci\u00f3n del director a los padres\u2013\u00bb. Igualmente, reclaman el informe de la direcci\u00f3n del colegio, \u00aben el supuesto de que haya actuado en el procedimiento de quejas\u00bb. Otra de las cuestiones sobre las que el Ejecutivo tiene inter\u00e9s es en el informe de la direcci\u00f3n, en el supuesto de que haya una solicitud judicial; as\u00ed como en el de la inspecci\u00f3n, tanto si han sido requeridos por v\u00eda administrativa como judicial. Educaci\u00f3n quiere acceder a las resoluciones de la Direcci\u00f3n de Servicios Territoriales y a \u00abcualquier otro documento administrativo, incluido si se hubiese producido un informe sobre la intervenci\u00f3n de los equipos de asesoramiento y orientaci\u00f3n psicopedag\u00f3gica\u00bb. Finalmente, piden cualquier otra informaci\u00f3n que \u00abobre en el expediente citado\u00bb. Cuando el Ministerio de Educaci\u00f3n reciba la informaci\u00f3n solicitada analizar\u00e1 el contenido de la misma y, seg\u00fan ha podido saber ABC, tiene previsto convocar \u00abde inmediato\u00bb una reuni\u00f3n de \u00abalto nivel\u00bb en Barcelona para buscar soluciones a esta situaci\u00f3n, siempre respetando la v\u00eda judicial. En este encuentro participar\u00e1n representantes del Ministerio de Educaci\u00f3n, altos mandos de las Fuerzas y Cuerpos de Seguridad del Estado, Delegaci\u00f3n del Gobierno en Catalu\u00f1a y los padres de los ni\u00f1os afectados. \u00abProfunda hostilidad\u00bb La Fiscal\u00eda denunci\u00f3 a nueve docentes del centro por presuntamente \u00abhumillar\u00bb a los hijos de los guardias civiles, atribuy\u00e9ndoles a los profesores un presunto delito contra los derechos fundamentales de los menores. Adem\u00e1s, a cuatro de estos maestros les acus\u00f3 de otro delito de injurias graves contra los Cuerpos y Fuerzas de Seguridad. Estos menores fueron supuestamente humillados con frases como: \u00abEstar\u00e1s contento con lo que hizo tu padre ayer\u00bb, provocando el llanto de los hijos de guardias civiles; o \u00abla Polic\u00eda y la Guardia Civil son unos animales y unos bestias que solo saben dar palos\u00bb. En su denuncia, la Fiscal\u00eda pone de manifiesto que hab\u00eda un clima de \u00abprofunda hostilidad\u00bb hacia la Guardia Civil, protagonizada por \u00abuna parte de la sociedad catalana que defiende postulados independentistas\u00bb. El objetivo era descargar la ira contra \u00abtodo aquello que represente Espa\u00f1a o defienda la unidad de Catalu\u00f1a con Espa\u00f1a\u00bb, seg\u00fan la Fiscal\u00eda.<br \/>\nVia: <a href=\"http:\/\/www.abc.es\/espana\/abci-gobierno-interviene-humillacion-hijos-guardias-civiles-cataluna-201804261804_noticia.html\" target=\"_blank\">El Gobierno act\u00faa en la humillaci\u00f3n a hijos de guardias civiles en Catalu\u00f1a<\/a><\/p>\n","protected":false},"excerpt":{"rendered":"<p>El Gobierno ha decidido actuar en el caso de las humillaciones a hijos de guardias civiles en las clases del IES El Palau de Sant Andreu de la Barca, un d\u00eda despu\u00e9s de las cargas policiales del 1 de octubre. El detonante de la reacci\u00f3n del Ministerio de Educaci\u00f3n ha [&hellip;]<\/p>\n","protected":false},"author":2,"featured_media":38735,"comment_status":"open","ping_status":"closed","sticky":false,"template":"","format":"standard","meta":{"footnotes":""},"categories":[6],"tags":[],"class_list":["post-38734","post","type-post","status-publish","format-standard","has-post-thumbnail","hentry","category-spanish"],"_links":{"self":[{"href":"https:\/\/theworldwidejournal.com\/index.php?rest_route=\/wp\/v2\/posts\/38734","targetHints":{"allow":["GET"]}}],"collection":[{"href":"https:\/\/theworldwidejournal.com\/index.php?rest_route=\/wp\/v2\/posts"}],"about":[{"href":"https:\/\/theworldwidejournal.com\/index.php?rest_route=\/wp\/v2\/types\/post"}],"author":[{"embeddable":true,"href":"https:\/\/theworldwidejournal.com\/index.php?rest_route=\/wp\/v2\/users\/2"}],"replies":[{"embeddable":true,"href":"https:\/\/theworldwidejournal.com\/index.php?rest_route=%2Fwp%2Fv2%2Fcomments&post=38734"}],"version-history":[{"count":0,"href":"https:\/\/theworldwidejournal.com\/index.php?rest_route=\/wp\/v2\/posts\/38734\/revisions"}],"wp:featuredmedia":[{"embeddable":true,"href":"https:\/\/theworldwidejournal.com\/index.php?rest_route=\/wp\/v2\/media\/38735"}],"wp:attachment":[{"href":"https:\/\/theworldwidejournal.com\/index.php?rest_route=%2Fwp%2Fv2%2Fmedia&parent=38734"}],"wp:term":[{"taxonomy":"category","embeddable":true,"href":"https:\/\/theworldwidejournal.com\/index.php?rest_route=%2Fwp%2Fv2%2Fcategories&post=38734"},{"taxonomy":"post_tag","embeddable":true,"href":"https:\/\/theworldwidejournal.com\/index.php?rest_route=%2Fwp%2Fv2%2Ftags&post=38734"}],"curies":[{"name":"wp","href":"https:\/\/api.w.org\/{rel}","templated":true}]}}