{"id":38738,"date":"1970-01-01T01:00:00","date_gmt":"1970-01-01T00:00:00","guid":{"rendered":"https:\/\/theworldwidejournal.com\/1970\/01\/01\/la-fiscalia-califica-de-terrorismo-y-fascismo-puro-el-ataque-de-alsasua\/"},"modified":"1970-01-01T01:00:00","modified_gmt":"1970-01-01T00:00:00","slug":"la-fiscalia-califica-de-terrorismo-y-fascismo-puro-el-ataque-de-alsasua","status":"publish","type":"post","link":"https:\/\/theworldwidejournal.com\/?p=38738","title":{"rendered":"La Fiscal\u00eda califica de terrorismo y fascismo \u00abpuro\u00bb el ataque de Alsasua"},"content":{"rendered":"<p>Aludi\u00f3 a \u00ablo peor de la naturaleza humana\u00bb, revivi\u00f3 el \u00abmiedo\u00bb que corta la vida cotidiana, y denunci\u00f3 que la herencia de ETA sigue viva en algunos \u00abbarrios, pueblos y ciudades\u00bb de Navarra y el Pa\u00eds Vasco. El fiscal Jos\u00e9 Perals represent\u00f3 ayer con palabras el \u00abclima de terror\u00bb creado en Alsasua (Navarra), donde dos guardias civiles y sus parejas recibieron una paliza en la madrugada del 15 de octubre de 2016, la noche previa a la feria del ganado. El objetivo de su relato era alcanzar la mente de los tres jueces de la Audiencia Nacional que resolver\u00e1n si el ataque fue o no un acto terrorista. Los tres magistrados escucharon atentos al fiscal. Era la novena sesi\u00f3n de la vista oral, en la que las acusaciones expusieron sus conclusiones definitivas. \u00abSupremacistas abertzales\u00bb \u00abA\u00fan persiste una herencia de terror en el Pa\u00eds Vasco y Navarra que no es sino una prolongaci\u00f3n del terrorismo que se ha vivido en Espa\u00f1a durante 50 a\u00f1os. Deciden ellos qui\u00e9nes pueden estar o no en su pueblo. Es lo peor de la naturaleza humana. Es la xenofobia, el fascismo en estado puro. Es lo que defienden los supremacistas abertzales\u00bb, proclam\u00f3 el fiscal, que ayer ratific\u00f3 las penas solicitadas para los ocho supuestos agresores: condenas de entre 12 y 62 a\u00f1os y medio de prisi\u00f3n. Ellos niegan la animadversi\u00f3n contra la Guardia Civil, y no admiten haber dado un solo golpe: sus abogados han buscado difuminar su presencia en la agresi\u00f3n. Tras practicarse las pruebas en el juicio, el momento de la verdad para el contraste de las versiones enfrentadas, la Fiscal\u00eda confirm\u00f3 su acusaci\u00f3n por terrorismo contra los supuestos agresores: Jokin Unamuno, Adur Ram\u00edrez de Alda, Oihan Arnanz, Julen Goicoechea, Jon Ander Cob, Aratz Urrizola, I\u00f1aki Abad y Ainara Urquijo. El Ministerio P\u00fablico encuadra el ataque en una campa\u00f1a de acoso para atemorizar a la Guardia Civil y expulsarla del Pa\u00eds Vasco y Navarra, una estrategia heredada de ETA y sus sat\u00e9lites, liderada ahora por las plataformas de la izquierda abertzale. Seg\u00fan las acusaciones, esta t\u00e1ctica la canaliza en Alsasua el movimiento Ospa, en el que ubican de forma clara a Unamuno y Ram\u00edrez de Alda, dos de los tres acusados que permanecen en prisi\u00f3n preventiva. Ospa despleg\u00f3 su actividad de lleno en 2011, tras el cese de las armas de ETA. \u00abNo fue una pelea de bar, fue una acci\u00f3n organizada para agredir exclusivamente a los guardias civiles y sus parejas con una finalidad terrorista\u00bb, concluy\u00f3 el fiscal, que aleg\u00f3 que el fin era expulsar a los agentes y \u00abatemorizar a una parte de la poblaci\u00f3n que no piensa como ellos\u00bb. El representante del Ministerio P\u00fablico calific\u00f3 la agresi\u00f3n -que provoc\u00f3 una fractura de tobillo al teniente agredido, entre otras lesiones- de \u00abterrorismo de baja intensidad\u00bb. \u00abTerrorismo al fin y al cabo\u00bb, matiz\u00f3 el letrado de las dos parejas de los agentes, Jaime Zuza, que destac\u00f3 el testimonio de Paulette, el amigo de los acusados que admiti\u00f3 la agresi\u00f3n. En su alegato, el fiscal vincul\u00f3 el acoso a la Guardia Civil en la estrategia que marc\u00f3 ETA para hostigar a los colectivos policiales. \u00abAunque el frente armado haya dejado de matar, el resto de din\u00e1micas del conglomerado terrorista ha permanecido\u00bb, se\u00f1al\u00f3. Acudi\u00f3 a antiguas sentencias para detallar que ETA estaba formada por un frente armado, un frente institucional y un frente de masas, un colectivo que extendi\u00f3 el ideario terrorista \u00aben los barrios, los pueblos, y las ciudades\u00bb. Se refiri\u00f3 a la llamada Alternativa KAS, el programa de exigencias que ETA busc\u00f3 imponer y que inclu\u00eda la retirada de las Fuerzas de Seguridad del Estado. Los acusados \u00abson herederos\u00bb de ese ideario y de la convicci\u00f3n de que se puede defender a trav\u00e9s de la violencia, manifest\u00f3 el fiscal. Perals acus\u00f3 al alcalde de Alsasua, Javier Ollo, de desatender a las v\u00edctimas, apoyar a los agresores y utilizar un lenguaje que habla de \u00abconflicto\u00bb, sin llamar a las cosas por su nombre. Ollo -del partido nacionalista Geroa Bai- testific\u00f3 y reconoci\u00f3 haberse reunido solo con las familias de los acusados. El fiscal carg\u00f3 contra los \u00abpol\u00edticos melifluos\u00bb y asegur\u00f3 que \u00abvenir dentro de 20 a\u00f1os a pedir perd\u00f3n no valdr\u00e1\u00bb. \u00abAfortunadamente no hay muertos, pero hay lesiones, y esas lesiones generan un terror que se traspasa al resto de habitantes de Alsasua y de Navarra. Y ese es el terror que persegu\u00eda el entramado terrorista\u00bb, continu\u00f3 el fiscal, cuyas palabras ca\u00edan como losas en la espalda de los acusados. Ensalz\u00f3 la valent\u00eda de las parejas de los agentes, y l ament\u00f3 el \u00abmiedo\u00bb a pasear con sus novios. Asegur\u00f3 que los presuntos agresores fueron a por los agentes \u00ab\u00fanica y exclusivamente por ser guardias civiles, y a por ellas por ser las parejas de los guardias civiles\u00bb. \u00abNo fue fortuito, se avisaron a trav\u00e9s de los tel\u00e9fonos m\u00f3viles\u00bb, a\u00f1adi\u00f3 Perals, que expuso que hay pruebas suficientes para condenarles por terrorismo. Las defensas rebatir\u00e1n estas tesis el pr\u00f3ximo jueves, 3 de mayo, en su turno de conclusiones definitivas. El fiscal se\u00f1al\u00f3 que Unamuno y Ram\u00edrez de Alda impulsaron el ataque, que comenz\u00f3 en el interior del bar Koxka y culmin\u00f3 en su salida, en la calle Garc\u00eda Xim\u00e9nez del municipio navarro, de unos 7.500 habitantes. Tambi\u00e9n aprovech\u00f3 el alegato, de unas dos horas, para concretar la participaci\u00f3n en al ataque de los ocho acusados, siete de los cuales fueron identificados por al menos tres v\u00edctimas. En los actos de Ospa situ\u00f3 a Unamuno y Ram\u00edrez, los \u00abimpulsores\u00bb, y a Goicoechea y Urrizola. \u00abViolencia pol\u00edtica\u00bb \u00abComo consecuencia de esta din\u00e1mica\u00bb ocurri\u00f3 la agresi\u00f3n, zanj\u00f3 Perals, que habl\u00f3 de \u00abviolencia pol\u00edtica\u00bb. Seg\u00fan el fiscal, el teniente \u00abintent\u00f3 que todo fuera normal\u00bb, en alusi\u00f3n a las iniciativas que impuls\u00f3 para acercar a la Guardia Civil a los ciudadanos de Alsasua, con jornadas de puertas abiertas y actividades divulgativas. \u00abEso es lo que no quieren, por eso se ensa\u00f1aron con \u00e9l\u00bb, manifest\u00f3. Cuando llega la convivencia pac\u00edfica, \u00abte muelen a palos\u00bb. El letrado de Covite, Rub\u00e9n M\u00fagica, aleg\u00f3&hellip;<br \/>\nVia: <a href=\"http:\/\/www.abc.es\/espana\/abci-fiscalia-califica-terrorismo-y-fascismo-estado-puro-ataque-alsasua-201804270205_noticia.html\" target=\"_blank\">La Fiscal\u00eda califica de terrorismo y fascismo \u00abpuro\u00bb el ataque de Alsasua<\/a><\/p>\n","protected":false},"excerpt":{"rendered":"<p>Aludi\u00f3 a \u00ablo peor de la naturaleza humana\u00bb, revivi\u00f3 el \u00abmiedo\u00bb que corta la vida cotidiana, y denunci\u00f3 que la herencia de ETA sigue viva en algunos \u00abbarrios, pueblos y ciudades\u00bb de Navarra y el Pa\u00eds Vasco. El fiscal Jos\u00e9 Perals represent\u00f3 ayer con palabras el \u00abclima de terror\u00bb creado [&hellip;]<\/p>\n","protected":false},"author":2,"featured_media":38739,"comment_status":"open","ping_status":"closed","sticky":false,"template":"","format":"standard","meta":{"footnotes":""},"categories":[6],"tags":[],"class_list":["post-38738","post","type-post","status-publish","format-standard","has-post-thumbnail","hentry","category-spanish"],"_links":{"self":[{"href":"https:\/\/theworldwidejournal.com\/index.php?rest_route=\/wp\/v2\/posts\/38738","targetHints":{"allow":["GET"]}}],"collection":[{"href":"https:\/\/theworldwidejournal.com\/index.php?rest_route=\/wp\/v2\/posts"}],"about":[{"href":"https:\/\/theworldwidejournal.com\/index.php?rest_route=\/wp\/v2\/types\/post"}],"author":[{"embeddable":true,"href":"https:\/\/theworldwidejournal.com\/index.php?rest_route=\/wp\/v2\/users\/2"}],"replies":[{"embeddable":true,"href":"https:\/\/theworldwidejournal.com\/index.php?rest_route=%2Fwp%2Fv2%2Fcomments&post=38738"}],"version-history":[{"count":0,"href":"https:\/\/theworldwidejournal.com\/index.php?rest_route=\/wp\/v2\/posts\/38738\/revisions"}],"wp:featuredmedia":[{"embeddable":true,"href":"https:\/\/theworldwidejournal.com\/index.php?rest_route=\/wp\/v2\/media\/38739"}],"wp:attachment":[{"href":"https:\/\/theworldwidejournal.com\/index.php?rest_route=%2Fwp%2Fv2%2Fmedia&parent=38738"}],"wp:term":[{"taxonomy":"category","embeddable":true,"href":"https:\/\/theworldwidejournal.com\/index.php?rest_route=%2Fwp%2Fv2%2Fcategories&post=38738"},{"taxonomy":"post_tag","embeddable":true,"href":"https:\/\/theworldwidejournal.com\/index.php?rest_route=%2Fwp%2Fv2%2Ftags&post=38738"}],"curies":[{"name":"wp","href":"https:\/\/api.w.org\/{rel}","templated":true}]}}