{"id":38806,"date":"1970-01-01T01:00:00","date_gmt":"1970-01-01T00:00:00","guid":{"rendered":"https:\/\/theworldwidejournal.com\/1970\/01\/01\/el-gobierno-preve-que-la-tasa-del-paro-baje-del-11-por-ciento-en-cuatro-anos\/"},"modified":"1970-01-01T01:00:00","modified_gmt":"1970-01-01T00:00:00","slug":"el-gobierno-preve-que-la-tasa-del-paro-baje-del-11-por-ciento-en-cuatro-anos","status":"publish","type":"post","link":"https:\/\/theworldwidejournal.com\/?p=38806","title":{"rendered":"El Gobierno prev\u00e9 que la tasa del paro baje del 11 por ciento en cuatro a\u00f1os"},"content":{"rendered":"<p>Un d\u00eda despu\u00e9s de que se materializara el pacto entre PP y PNV para permitir la tramitaci\u00f3n del proyecto de Presupuestos para 2018 a cambio de una subida general de todas las pensiones, el Gobierno ha aprobado en Consejo de Ministros el Programa de Estabilidad que remitir\u00e1 en breve a Bruselas con las cifras de crecimiento, d\u00e9ficit, deuda y paro hasta 2021, as\u00ed como las medidas para asegurar el ajuste fiscal comprometido y reducir los n\u00fameros rojos de las administraciones al 2,2% del PIB este a\u00f1o. El Gobierno contempla que la tasa de paro bajar\u00e1 de 11% en cuatro a\u00f1os, al 10,7% a finales de dicho ejercicio, cre\u00e1ndose 1,685 millones de empleos hasta 2021. El PIB crecer\u00e1 de media estos cuatro a\u00f1os por encima del 2,4% anual: un 2,7% este a\u00f1o, un 2,4% el que viene y un 2,3% en 2020 y 2021. El avance de la actividad se materializar\u00e1 en una mejora del empleo, que seg\u00fan las estimaciones del Ejecutivo supondr\u00e1 una reducci\u00f3n de casi seis puntos de la tasa de paro desde su nivel de finales de 2017, cuando cerr\u00f3 en el 16,5%. Para 2020 se alcanzar\u00e1 la cifra de 20 millones de afiliados que se alcanzaron antes de la crisis, en concreto, 20,3 millones, que ser\u00e1n 20,683 millones a finales de 2021. El n\u00famero de desempleados se reducir\u00e1 en estos cuatro a\u00f1os en 1,296 millones de parados. El ministro de Econom\u00eda, Rom\u00e1n Escolano, ha destacado en rueda de prensa posterior al Consejo de Ministros el \u00abcrecimiento de la inversi\u00f3n\u00bb. La formaci\u00f3n bruta de capital fijo crecer\u00e1 siempre por encima del 4% los siguientes cuatro ejercicios. Escolano tambi\u00e9n ha resaltado que los precios se mantendr\u00e1n a raya: el deflactor del consumo privado repuntar\u00e1, a ojos del Ejecutivo, un 1,4% este a\u00f1o, un 1,6% en 2019, un 1,7% en 2020 y un 1,8% en 2021. El Estado paga buena parte del alza de pensiones El d\u00e9ficit p\u00fablico se eliminar\u00e1 para 2021 en t\u00e9rminos globales, aunque no ser\u00e1 as\u00ed administraci\u00f3n por administraci\u00f3n donde la Seguridad Social es la que tiene una situaci\u00f3n m\u00e1s preocupante. \u00abMientras desaparece el d\u00e9ficit de la Seguridad Social, ser\u00e1 el Estado el que atienda los incrementos de pensiones que ahora se est\u00e1n tramitando\u00bb, ha revelado el ministro de Hacienda, Crist\u00f3bal Montoro. Los grupos parlamentarios ten\u00edan de plazo hasta las 14:00 de hoy para registrar sus enmiendas a las cuentas, entre ellas las del PNV para subir las pensiones un 1,6% este a\u00f1o, de acuerdo a la inflaci\u00f3n. Montoro ha se\u00f1alado que las medidas que garanticen la sostenibilidad de las pensiones se acordar\u00e1n en el Pacto de Toledo. Nuevos objetivos para CC.AA. y Seguridad Social Para este a\u00f1o se modifican los objetivos: las comunidades aut\u00f3nomas pierden una d\u00e9cima y pasan del 0,4% al 0,3%, que a su vez gana la Seguridad Social, cuya meta pasa del 1,1% al 1,2%. El Estado deber\u00e1 cerrar su agujero en el 0,7% y los ayuntamientos tendr\u00e1n equilibrio. En 2019, el d\u00e9ficit total deber\u00e1 pasar a ser del 1,3% del PIB, con las comunidades aut\u00f3nomas en equilibrio financiero (un -0,3% para el Estado y un 1% de la Seguridad Social), mientras que para 2020 el \u00fanico d\u00e9ficit que habr\u00e1 ser\u00e1 del sistema, del 0,5%, mientras que para el resto de administraciones se fija el d\u00e9ficit cero como meta. En 2021, la Administraci\u00f3n tendr\u00e1 super\u00e1vit, de una d\u00e9cima del PIB, aunque previsiblemente el d\u00e9ficit de la Seguridad Social se compensar\u00e1 con el super\u00e1vit del resto de las administraciones pese a que su objetivo sea el equilibrio para entonces. Junto a esta reducci\u00f3n del d\u00e9ficit, la deuda p\u00fablica bajar\u00e1 poco a poco hasta dejar atr\u00e1s el nivel del 90% del PIB en cuatro a\u00f1os, con un 97% en 2017, un 95.2% en 2019, un 92,4% en 2020 hasta un 89,1% en 2021, su menor nivel desde 2012.<br \/>\nVia: <a href=\"http:\/\/www.abc.es\/economia\/abci-gobierno-preve-paro-baje-11-por-ciento-2021-y-creen-17-millones-empleos-201804271340_noticia.html\" target=\"_blank\">El Gobierno prev\u00e9 que la tasa del paro baje del 11 por ciento en cuatro a\u00f1os<\/a><\/p>\n","protected":false},"excerpt":{"rendered":"<p>Un d\u00eda despu\u00e9s de que se materializara el pacto entre PP y PNV para permitir la tramitaci\u00f3n del proyecto de Presupuestos para 2018 a cambio de una subida general de todas las pensiones, el Gobierno ha aprobado en Consejo de Ministros el Programa de Estabilidad que remitir\u00e1 en breve a [&hellip;]<\/p>\n","protected":false},"author":2,"featured_media":38807,"comment_status":"open","ping_status":"closed","sticky":false,"template":"","format":"standard","meta":{"footnotes":""},"categories":[6],"tags":[],"class_list":["post-38806","post","type-post","status-publish","format-standard","has-post-thumbnail","hentry","category-spanish"],"_links":{"self":[{"href":"https:\/\/theworldwidejournal.com\/index.php?rest_route=\/wp\/v2\/posts\/38806","targetHints":{"allow":["GET"]}}],"collection":[{"href":"https:\/\/theworldwidejournal.com\/index.php?rest_route=\/wp\/v2\/posts"}],"about":[{"href":"https:\/\/theworldwidejournal.com\/index.php?rest_route=\/wp\/v2\/types\/post"}],"author":[{"embeddable":true,"href":"https:\/\/theworldwidejournal.com\/index.php?rest_route=\/wp\/v2\/users\/2"}],"replies":[{"embeddable":true,"href":"https:\/\/theworldwidejournal.com\/index.php?rest_route=%2Fwp%2Fv2%2Fcomments&post=38806"}],"version-history":[{"count":0,"href":"https:\/\/theworldwidejournal.com\/index.php?rest_route=\/wp\/v2\/posts\/38806\/revisions"}],"wp:featuredmedia":[{"embeddable":true,"href":"https:\/\/theworldwidejournal.com\/index.php?rest_route=\/wp\/v2\/media\/38807"}],"wp:attachment":[{"href":"https:\/\/theworldwidejournal.com\/index.php?rest_route=%2Fwp%2Fv2%2Fmedia&parent=38806"}],"wp:term":[{"taxonomy":"category","embeddable":true,"href":"https:\/\/theworldwidejournal.com\/index.php?rest_route=%2Fwp%2Fv2%2Fcategories&post=38806"},{"taxonomy":"post_tag","embeddable":true,"href":"https:\/\/theworldwidejournal.com\/index.php?rest_route=%2Fwp%2Fv2%2Ftags&post=38806"}],"curies":[{"name":"wp","href":"https:\/\/api.w.org\/{rel}","templated":true}]}}