{"id":38810,"date":"1970-01-01T01:00:00","date_gmt":"1970-01-01T00:00:00","guid":{"rendered":"https:\/\/theworldwidejournal.com\/1970\/01\/01\/junqueras-es-el-lider-mejor-valorado-por-los-catalanes-segun-el-cis\/"},"modified":"1970-01-01T01:00:00","modified_gmt":"1970-01-01T00:00:00","slug":"junqueras-es-el-lider-mejor-valorado-por-los-catalanes-segun-el-cis","status":"publish","type":"post","link":"https:\/\/theworldwidejournal.com\/?p=38810","title":{"rendered":"Junqueras es el l\u00edder mejor valorado por los catalanes, seg\u00fan el CIS"},"content":{"rendered":"<p>El l\u00edder de ERC y exvicepresidente de la Generalitat, Oriol Junqueras, es el l\u00edder mejor valorado por los catalanes y el \u00fanico que logra un aprobado con un 5,2 sobre 10, seg\u00fan una encuesta del Centro de Investigaciones Sociol\u00f3gicas (CIS) difundida este viernes. Le siguen el expresidente de la Generalitat Carles Puigdemont (4,45); el l\u00edder de los comuns, Xavier Dom\u00e8nech (4,3); el diputado de la CUP Carles Riera (4,05); el l\u00edder del PSC, Miquel Iceta (3,68); la l\u00edder de Cs en Catalunya, In\u00e9s Arrimadas (3,59), y el l\u00edder del PP catal\u00e1n, Xavier Garc\u00eda Albiol (1,55). En esta encuesta tambi\u00e9n se determina que el 62,3% de catalanes reivindican que Catalunya tengan la posibilidad de ser independiente o mayor autonom\u00eda que en la actualidad. Este 62,3% se desglosa en dos: por un lado, un 36,4% querr\u00eda un Estado en el que se reconociese a comunidades aut\u00f3nomas como Catalunya la posibilidad de convertirse en Estados independientes. Por el otro, un 25,9% le gustar\u00eda un Estado en que las comunidades aut\u00f3nomas tengan mayor autonom\u00eda que en la actualidad. A estos valores les sigue un 23,8% que considera adecuado el actual Estado de las autonom\u00edas; un 6,6% apuesta por un Estado con un \u00fanico Gobierno central sin autonom\u00edas; un 2,6% un Estado con menor autonom\u00eda que la actual para las comunidades; un 2,3% no sabe y un 2,3% no contesta. Se trata de una encuesta realizada en Catalunya a 2.450 ciudadanos, con un margen de error de +-2% y hecha entre el 28 de diciembre de 2017 y el 25 de enero de 2018, es decir, tras las elecciones auton\u00f3micas y antes de la primera investidura fallida de Puigdemont.<br \/>\nVia: <a href=\"http:\/\/www.abc.es\/espana\/abci-junqueras-lider-mejor-valorado-catalanes-suspenden-puigdemont-segun-201804271303_noticia.html\" target=\"_blank\">Junqueras es el l\u00edder mejor valorado por los catalanes, seg\u00fan el CIS<\/a><\/p>\n","protected":false},"excerpt":{"rendered":"<p>El l\u00edder de ERC y exvicepresidente de la Generalitat, Oriol Junqueras, es el l\u00edder mejor valorado por los catalanes y el \u00fanico que logra un aprobado con un 5,2 sobre 10, seg\u00fan una encuesta del Centro de Investigaciones Sociol\u00f3gicas (CIS) difundida este viernes. Le siguen el expresidente de la Generalitat [&hellip;]<\/p>\n","protected":false},"author":2,"featured_media":38811,"comment_status":"open","ping_status":"closed","sticky":false,"template":"","format":"standard","meta":{"footnotes":""},"categories":[6],"tags":[],"class_list":["post-38810","post","type-post","status-publish","format-standard","has-post-thumbnail","hentry","category-spanish"],"_links":{"self":[{"href":"https:\/\/theworldwidejournal.com\/index.php?rest_route=\/wp\/v2\/posts\/38810","targetHints":{"allow":["GET"]}}],"collection":[{"href":"https:\/\/theworldwidejournal.com\/index.php?rest_route=\/wp\/v2\/posts"}],"about":[{"href":"https:\/\/theworldwidejournal.com\/index.php?rest_route=\/wp\/v2\/types\/post"}],"author":[{"embeddable":true,"href":"https:\/\/theworldwidejournal.com\/index.php?rest_route=\/wp\/v2\/users\/2"}],"replies":[{"embeddable":true,"href":"https:\/\/theworldwidejournal.com\/index.php?rest_route=%2Fwp%2Fv2%2Fcomments&post=38810"}],"version-history":[{"count":0,"href":"https:\/\/theworldwidejournal.com\/index.php?rest_route=\/wp\/v2\/posts\/38810\/revisions"}],"wp:featuredmedia":[{"embeddable":true,"href":"https:\/\/theworldwidejournal.com\/index.php?rest_route=\/wp\/v2\/media\/38811"}],"wp:attachment":[{"href":"https:\/\/theworldwidejournal.com\/index.php?rest_route=%2Fwp%2Fv2%2Fmedia&parent=38810"}],"wp:term":[{"taxonomy":"category","embeddable":true,"href":"https:\/\/theworldwidejournal.com\/index.php?rest_route=%2Fwp%2Fv2%2Fcategories&post=38810"},{"taxonomy":"post_tag","embeddable":true,"href":"https:\/\/theworldwidejournal.com\/index.php?rest_route=%2Fwp%2Fv2%2Ftags&post=38810"}],"curies":[{"name":"wp","href":"https:\/\/api.w.org\/{rel}","templated":true}]}}