{"id":38877,"date":"1970-01-01T01:00:00","date_gmt":"1970-01-01T00:00:00","guid":{"rendered":"https:\/\/theworldwidejournal.com\/1970\/01\/01\/eta-declarara-un-final-sin-arrepentimiento-ni-colaboracion\/"},"modified":"1970-01-01T01:00:00","modified_gmt":"1970-01-01T00:00:00","slug":"eta-declarara-un-final-sin-arrepentimiento-ni-colaboracion","status":"publish","type":"post","link":"https:\/\/theworldwidejournal.com\/?p=38877","title":{"rendered":"ETA declarar\u00e1 un \u00abfinal\u00bb sin arrepentimiento ni colaboraci\u00f3n"},"content":{"rendered":"<p>En la liquidaci\u00f3n por cierre de ETA hay una imagen que no se producir\u00e1: la de sus dirigentes compareciendo sin capuchas, a cara descubierta, como hicieron los \u00abpolimilis\u00bb en 1983. Y no ser\u00e1 posible porque todos los jefes de la organizaci\u00f3n est\u00e1n en la c\u00e1rcel. Desde all\u00ed, el \u00faltimo de ellos, David Pla ha guiado durante 2017 el debate y conseguido que, entre finales de ese a\u00f1o y principios de 2018, se aprobara por la gran mayor\u00eda de los 360 presos de la banda la declaraci\u00f3n \u00abdel final de ETA\u00bb, expresi\u00f3n utilizada en ese documento de 38 p\u00e1ginas que constituye el gui\u00f3n de lo que el entorno de los pistoleros escenificar\u00e1 el pr\u00f3ximo viernes en un acto en el sur de Francia. En el texto no aparecen las palabras \u00abdisoluci\u00f3n\u00bb ni \u00abdesaparici\u00f3n\u00bb. Lo certifican fuentes de la lucha antiterrorista a las que ha tenido acceso este diario, que subrayan \u00abNo se ha conseguido una sociedad socialista en una Euskal Herria independiente\u00bb, reconocen que en este ep\u00edlogo los asesinos piden el perd\u00f3n \u00abselectivo e insuficiente\u00bb ya avanzado en el comunicado del 20 de abril, se reafirman las \u00abl\u00edneas rojas de no arrepentimiento y no delaci\u00f3n\u00bb marcadas por el colectivo de presos en 2015 \u2013lo que significa que no van a colaborar en la resoluci\u00f3n de atentados \u2013 y reconocen su fracaso. \u00abNo se ha conseguido una sociedad socialista en una Euskal Herria independiente\u00bb, \u00abno ha sido un final como preve\u00edamos\u00bb, reconoce esta declaraci\u00f3n. El documento cuenta con el repaldo de los \u00abhist\u00f3ricos\u00bb, con especial menci\u00f3n al que fuera dirigente pol\u00edtico de los etarras, Mikel Antza, uno de los que m\u00e1s activamente ha contribuido a recabar este respaldo mayoritario. En el otro lado se ha situado uno de los \u00abduros\u00bb m\u00e1s irredentos, Francisco Javier Garc\u00eda Gaztelu, alias \u00abTxapote\u00bb, que se ha encuadrado en el sector \u00abmuy minoritario\u00bb de \u00abno m\u00e1s de diez\u00bb reclusos agrupados en torno a ATA (Amnistia eta Askatasuna) que \u00abdecidi\u00f3 autoexcluirse de este proceso y no ha participado\u00bb. A las fuerzas de la seguridad del Estado no les cabe la menor duda de que si Txapote no hubiera sido detenido, \u00abla historia de ETA ser\u00eda muy diferente y habr\u00eda intentado prolongarla\u00bb. Detenci\u00f3n de David Pla en Francia en septiembre de 2015 &#8211; AFP Pero la realidad es otra y la banda se da a s\u00ed misma por acabada. \u00abLo hacen porque est\u00e1n derrotados y no les queda m\u00e1s opci\u00f3n que eso o convertirse en unas siglas fantasmas, vac\u00edas\u00bb, explica a este diario una fuente de la lucha antiterrorista. Y es que, si en la legislatura anterior se dijo que lo que quedaba de ETA en la calle \u00abcab\u00eda en un microb\u00fas\u00bb, hoy apenas hay nadie. \u00abNo pasan de una decena de miembros\u00bb sin capacidad operativa alguna, que \u00absobreviven a duras penas con \u00abdocumentaci\u00f3n falsa\u00bb y \u00abrepartidos por diferentes pa\u00edses europeos\u00bb. No revelan cu\u00e1les, pero las \u00faltimas detenciones de efectivos etarras en B\u00e9lgica, Alemania o Suiza da una idea de cu\u00e1les son sus derroteros. Con una plantilla de liberados residual y sin peso alguno, la reflexi\u00f3n que ha conducido al cerrojazo de la banda no ha tenido lugar en el \u00e1mbito de los aparatos y la clandestinidad con consultas a los presos como otras discusiones de anta\u00f1o, sino al rev\u00e9s: \u00aben un 99 por ciento\u00bb en las prisiones, con la propia ETA entre rejas tomando la decisi\u00f3n y gestionando el debate \u00abfundamentalmente a trav\u00e9s de familiares\u00bb. Ellos se han ocupado de \u00abmover el documento base\u00bb, puesto que los abogados, el frente jur\u00eddico de los pistoleros, tambi\u00e9n fue desactivado. Los etarras saben que ya no importan a nadie, \u00abque no condicionan la pol\u00edtica, no han ganado nada y por delante solo les quedan a\u00f1os de c\u00e1rcel\u00bb La liquidaci\u00f3n ha sido iniciativa de Pla, el \u00faltimo l\u00edder con legitimidad de la banda, detenido en 2015 en una operaci\u00f3n bautizada \u00abPardines\u00bb en honor al primer guardia civil asesinado por la banda har\u00e1 precisamente en junio 50 a\u00f1os. Tras Pla, Mikel Irastorza, atrapado en 2016, solo fue un \u00abinterino\u00bb de poca talla. \u00abEn una organizaci\u00f3n as\u00ed nadie quiere asumir la responsabilidad del fin\u00bb, describen las fuentes antiterroristas del Estado, que identifican cuatro fracasos graves de la banda que lo hac\u00edan inevitable. Uno, la no consecuci\u00f3n de una \u00abnegociaci\u00f3n t\u00e9cnica para gestionar las consecuencias del conflicto\u00bb, \u2013a la que les convoc\u00f3 el Gobierno de Jos\u00e9 Luis Rodr\u00edguez Zapatero pero se neg\u00f3 el de Mariano Rajoy\u2013 , que llev\u00f3 a la c\u00fapula etarra a ser expulsada de Oslo en 2013. Dos, la incapacidad de ETA para que la comunidad internacional presionara a favor de esa pretensi\u00f3n suya. Tres, la \u00abchapuza\u00bb del sellado de su armamento en febrero de 2014 por la Comisi\u00f3n Internacional de Verificaci\u00f3n. Y cuatro, el desbaratamiento por parte de la Benem\u00e9rita en Louhossoa (Francia) del consiguiente intento de destrucci\u00f3n del arsenal. Tambi\u00e9n fue Pla quien determin\u00f3 que la declaraci\u00f3n no iba a votarse por puntos como ha sido tradici\u00f3n, sino en bloque. \u00abTodo o nada, poner fin o no\u00bb a la organizaci\u00f3n, y la opci\u00f3n de hacerlo sale adelante entre los internos \u00abmuy mediada por la idea de que a quien m\u00e1s beneficia es a los propios presos, a futuro\u00bb, revelan las fuentes. Esto es, por la falsa expectativa de que van a poder obtener beneficios penitenciarios. Saben que ya no importan a nadie, \u00abque no condicionan la pol\u00edtica, no han ganado nada y por delante solo les quedan a\u00f1os de c\u00e1rcel, porque van a tener que cumplir sus condenas\u00bb, de ah\u00ed que \u00abintenten aprovechar asumiendo la legalidad\u00bb, aunque de forma fingida. El resultado es ese extenso testamento en el que primero se hace un repaso hist\u00f3rico de ETA. \u00abPor qu\u00e9 naci\u00f3, cu\u00e1les fueron sus objetivos fundacionales, qu\u00e9 ha pasado en estos a\u00f1os&#8230; tratan de arrancar la conclusi\u00f3n de que vali\u00f3 la pena, de que han evitado que el Estado represor anulara la autonom\u00eda del Pa\u00eds Vasco y que su acci\u00f3n ha permitido llegar aqu\u00ed con cierta posibilidad de impulsar la independencia\u00bb, explican fuentes conocedoras. La declaraci\u00f3n contiene \u00abfolios y folios de autojustificaci\u00f3n&hellip;<br \/>\nVia: <a href=\"http:\/\/www.abc.es\/espana\/abci-declarara-final-sin-arrepentimiento-colaboracion-para-esclarecer-atentados-pendientes-201804280124_noticia.html\" target=\"_blank\">ETA declarar\u00e1 un \u00abfinal\u00bb sin arrepentimiento ni colaboraci\u00f3n<\/a><\/p>\n","protected":false},"excerpt":{"rendered":"<p>En la liquidaci\u00f3n por cierre de ETA hay una imagen que no se producir\u00e1: la de sus dirigentes compareciendo sin capuchas, a cara descubierta, como hicieron los \u00abpolimilis\u00bb en 1983. Y no ser\u00e1 posible porque todos los jefes de la organizaci\u00f3n est\u00e1n en la c\u00e1rcel. Desde all\u00ed, el \u00faltimo de [&hellip;]<\/p>\n","protected":false},"author":2,"featured_media":38878,"comment_status":"open","ping_status":"closed","sticky":false,"template":"","format":"standard","meta":{"footnotes":""},"categories":[6],"tags":[],"class_list":["post-38877","post","type-post","status-publish","format-standard","has-post-thumbnail","hentry","category-spanish"],"_links":{"self":[{"href":"https:\/\/theworldwidejournal.com\/index.php?rest_route=\/wp\/v2\/posts\/38877","targetHints":{"allow":["GET"]}}],"collection":[{"href":"https:\/\/theworldwidejournal.com\/index.php?rest_route=\/wp\/v2\/posts"}],"about":[{"href":"https:\/\/theworldwidejournal.com\/index.php?rest_route=\/wp\/v2\/types\/post"}],"author":[{"embeddable":true,"href":"https:\/\/theworldwidejournal.com\/index.php?rest_route=\/wp\/v2\/users\/2"}],"replies":[{"embeddable":true,"href":"https:\/\/theworldwidejournal.com\/index.php?rest_route=%2Fwp%2Fv2%2Fcomments&post=38877"}],"version-history":[{"count":0,"href":"https:\/\/theworldwidejournal.com\/index.php?rest_route=\/wp\/v2\/posts\/38877\/revisions"}],"wp:featuredmedia":[{"embeddable":true,"href":"https:\/\/theworldwidejournal.com\/index.php?rest_route=\/wp\/v2\/media\/38878"}],"wp:attachment":[{"href":"https:\/\/theworldwidejournal.com\/index.php?rest_route=%2Fwp%2Fv2%2Fmedia&parent=38877"}],"wp:term":[{"taxonomy":"category","embeddable":true,"href":"https:\/\/theworldwidejournal.com\/index.php?rest_route=%2Fwp%2Fv2%2Fcategories&post=38877"},{"taxonomy":"post_tag","embeddable":true,"href":"https:\/\/theworldwidejournal.com\/index.php?rest_route=%2Fwp%2Fv2%2Ftags&post=38877"}],"curies":[{"name":"wp","href":"https:\/\/api.w.org\/{rel}","templated":true}]}}