{"id":38951,"date":"1970-01-01T01:00:00","date_gmt":"1970-01-01T00:00:00","guid":{"rendered":"https:\/\/theworldwidejournal.com\/1970\/01\/01\/escolano-anuncia-la-inminente-presentacion-del-impuesto-a-las-empresas-tecnologicas\/"},"modified":"1970-01-01T01:00:00","modified_gmt":"1970-01-01T00:00:00","slug":"escolano-anuncia-la-inminente-presentacion-del-impuesto-a-las-empresas-tecnologicas","status":"publish","type":"post","link":"https:\/\/theworldwidejournal.com\/?p=38951","title":{"rendered":"Escolano anuncia la inminente presentaci\u00f3n del impuesto a las empresas tecnol\u00f3gicas"},"content":{"rendered":"<p>El ministro de Econom\u00eda, Rom\u00e1n Escolano, ha dicho que el Gobierno quiere presentar \u00abcuanto antes\u00bb el impuesto a las grandes empresas digitales en Espa\u00f1a y que este tenga efectos en 2019, despu\u00e9s de que el titular de Hacienda, Crist\u00f3bal Montoro, anunciase ayer que esta tasa ayudar\u00e1 a financiar las pensiones. \u00abNuestra idea es presentarlo cuanto antes y que tenga efectos tambi\u00e9n en 2019 y sucesivamente\u00bb, dijo Escolano en la rueda de prensa posterior al consejo de ministros de Econom\u00eda y Finanzas de la Uni\u00f3n Europea (UE) celebrado en Sof\u00eda. Desde el ministerio de Econom\u00eda precisan que la idea es que la medida \u00abentre en vigor cuanto antes\u00bb. Los Veintiocho debatieron por primera vez a nivel ministerial sobre la propuesta, que plantea imponer un impuesto del 3% sobre la facturaci\u00f3n por ciertos servicios digitales de las empresas que facturen m\u00e1s de 750 millones de euros en todo el mundo y m\u00e1s de 50 millones en la UE. El Gobierno espa\u00f1ol, sin embargo, prev\u00e9 introducir este tipo de tasa en el pa\u00eds a\u00fan antes de que haya acuerdo a nivel europeo, en l\u00ednea con lo que ya han hecho otros pa\u00edses como el Reino Unido, Italia, Francia o Alemania, seg\u00fan explic\u00f3 Escolano. \u00abEspa\u00f1a se suma al grupo de principales pa\u00edses que ya tiene estas nuevas figuras y nos parece importante, en el contexto del debate que estamos teniendo, incorporar a nuestra legislaci\u00f3n nacional figuras como las que ayer se anunciaron sin que esto signifique que el debate no tenga que seguir\u00bb, dijo el ministro. Preguntado sobre la forma que tomar\u00e1 la tasa en Espa\u00f1a, Escolano indic\u00f3 que la definici\u00f3n europea \u00abva en paralelo de la definici\u00f3n espa\u00f1ola\u00bb y que la tramitaci\u00f3n de ambas \u00abtranscurrir\u00e1n en paralelo\u00bb. El ministro de Hacienda dijo ayer que esta \u00abnueva fiscalidad\u00bb -en referencia a la propuesta europea de impuesto digital- se llevar\u00e1 al Pacto de Toledo y ayudar\u00e1 a financiar la subida de las pensiones que tendr\u00e1 un coste de 1.500 millones de euros para 2018 y 1.800 millones para 2019. Sobre la subida de las pensiones, el ministro de Econom\u00eda indic\u00f3 que el incremento anunciado para ambos a\u00f1os \u00abest\u00e1 unido a un incremento de ingresos\u00bb que se incluy\u00f3 en el cuadro financiero publicado ayer y subray\u00f3 que el objetivo de d\u00e9ficit para este a\u00f1o se mantiene en el 2,2% del PIB, con lo que la senda de reducci\u00f3n del d\u00e9ficit no cambia.<br \/>\nVia: <a href=\"http:\/\/www.abc.es\/economia\/abci-escolano-espera-impuesto-digitales-presente-cuanto-antes-201804281424_noticia.html\" target=\"_blank\">Escolano anuncia la inminente presentaci\u00f3n del impuesto a las empresas tecnol\u00f3gicas<\/a><\/p>\n","protected":false},"excerpt":{"rendered":"<p>El ministro de Econom\u00eda, Rom\u00e1n Escolano, ha dicho que el Gobierno quiere presentar \u00abcuanto antes\u00bb el impuesto a las grandes empresas digitales en Espa\u00f1a y que este tenga efectos en 2019, despu\u00e9s de que el titular de Hacienda, Crist\u00f3bal Montoro, anunciase ayer que esta tasa ayudar\u00e1 a financiar las pensiones. [&hellip;]<\/p>\n","protected":false},"author":2,"featured_media":38952,"comment_status":"open","ping_status":"closed","sticky":false,"template":"","format":"standard","meta":{"footnotes":""},"categories":[6],"tags":[],"class_list":["post-38951","post","type-post","status-publish","format-standard","has-post-thumbnail","hentry","category-spanish"],"_links":{"self":[{"href":"https:\/\/theworldwidejournal.com\/index.php?rest_route=\/wp\/v2\/posts\/38951","targetHints":{"allow":["GET"]}}],"collection":[{"href":"https:\/\/theworldwidejournal.com\/index.php?rest_route=\/wp\/v2\/posts"}],"about":[{"href":"https:\/\/theworldwidejournal.com\/index.php?rest_route=\/wp\/v2\/types\/post"}],"author":[{"embeddable":true,"href":"https:\/\/theworldwidejournal.com\/index.php?rest_route=\/wp\/v2\/users\/2"}],"replies":[{"embeddable":true,"href":"https:\/\/theworldwidejournal.com\/index.php?rest_route=%2Fwp%2Fv2%2Fcomments&post=38951"}],"version-history":[{"count":0,"href":"https:\/\/theworldwidejournal.com\/index.php?rest_route=\/wp\/v2\/posts\/38951\/revisions"}],"wp:featuredmedia":[{"embeddable":true,"href":"https:\/\/theworldwidejournal.com\/index.php?rest_route=\/wp\/v2\/media\/38952"}],"wp:attachment":[{"href":"https:\/\/theworldwidejournal.com\/index.php?rest_route=%2Fwp%2Fv2%2Fmedia&parent=38951"}],"wp:term":[{"taxonomy":"category","embeddable":true,"href":"https:\/\/theworldwidejournal.com\/index.php?rest_route=%2Fwp%2Fv2%2Fcategories&post=38951"},{"taxonomy":"post_tag","embeddable":true,"href":"https:\/\/theworldwidejournal.com\/index.php?rest_route=%2Fwp%2Fv2%2Ftags&post=38951"}],"curies":[{"name":"wp","href":"https:\/\/api.w.org\/{rel}","templated":true}]}}