{"id":39010,"date":"1970-01-01T01:00:00","date_gmt":"1970-01-01T00:00:00","guid":{"rendered":"https:\/\/theworldwidejournal.com\/1970\/01\/01\/ya-no-merece-la-pena-vivir-aqui-es-irrespirable\/"},"modified":"1970-01-01T01:00:00","modified_gmt":"1970-01-01T00:00:00","slug":"ya-no-merece-la-pena-vivir-aqui-es-irrespirable","status":"publish","type":"post","link":"https:\/\/theworldwidejournal.com\/?p=39010","title":{"rendered":"\u00abYa no merece la pena vivir aqu\u00ed. Es irrespirable\u00bb"},"content":{"rendered":"<p>\u00abMam\u00e1, \u00bfa ti qu\u00e9 bandera te gusta m\u00e1s la estelada o la espa\u00f1ola?, le pregunta a Lorena su hijo, que a\u00fan no ha cumplido seis a\u00f1os, bajo la sombra de la que preside el cuartel en el que viven en Solsona (L\u00e9rida). \u00abLa que a ti te guste, cari\u00f1o, pero ya sabes que somos espa\u00f1oles\u00bb, le responde su madre con el entusiasmo justo para satisfacer la curiosidad del ni\u00f1o. \u00abSon muy peque\u00f1os, no tienen por qu\u00e9 entrar en ese discurso en el colegio\u00bb, cuenta disgustada. Lorena es catalana -ah\u00ed naci\u00f3 y ah\u00ed vive- y est\u00e1 casada con Pedro, guardia civil y padre de sus dos hijos. Ni las banderas ni el secesionismo se sientan a la mesa de esta familia que volvi\u00f3 a la tierra de ella desde la de \u00e9l (Canarias) para que sus padres les echaran una mano con los cr\u00edos. \u00abPresume de su pap\u00e1\u00bb La menor tiene dos a\u00f1os y su mayor inter\u00e9s se concentra en las andanzas de Peppa Pig, pero el de cinco ya entra machaconamente en la competici\u00f3n de banderas a fuerza de discurso aprendido. El primer d\u00eda de clase tras el refer\u00e9ndum ilegal -el lunes 2 de octubre del a\u00f1o pasado-lo sacaron al patio del colegio junto a sus compa\u00f1eros de infantil (de tres a seis a\u00f1os) para contarles que la Polic\u00eda hab\u00eda pegado a la gente. \u00abMi ni\u00f1o presume de que su pap\u00e1 es polic\u00eda, para \u00e9l es un orgullo y no quiero que nadie le arrebate su inocencia\u00bb. Solsona ronda los 9.000 habitantes, est\u00e1 gobernado por ERC y en el peque\u00f1o cuartel solo viven cuatro familias: dos con hijos y dos sin. \u00abNo nos limpian ni la calle por orden del Ayuntamiento\u00bb, cuenta Pedro Jes\u00fas Rodr\u00edguez, su marido, que naci\u00f3 en la isla de La Palma y mira a su alrededor con escepticismo y asombro. \u00abEn 50 kil\u00f3metros a la redonda del cuartel es la \u00fanica bandera de Espa\u00f1a que se puede ver\u00bb. Es el secretario general de la Asociaci\u00f3n Unificada de Guardia Civil (AUGC) en L\u00e9rida y le asoma el car\u00e1cter reinvidicativo. \u00abSe han vuelto locos. Los pueblos pintados de amarillo, las carreteras, los pl\u00e1sticos por todas partes&#8230;\u00bb Describe una atm\u00f3sfera asfixiante, de pueblo, de aislamiento, de tolerancia ejercida en una sola direcci\u00f3n. \u00abMi mujer catalana, de padres catalanes, no se siente integrada. \u00bfAlguien cree que eso es normal?\u00bb. Hace tres a\u00f1os se difundi\u00f3 un cartel del Carnaval de Solsona con el reclamo \u00abven a matar a espa\u00f1oles\u00bb y la imagen de una mujer empu\u00f1ando una pistola. Ese es el ambiente de partida. A la pregunta de si se ha sentido odiado, Pedro no lo duda. \u00abPor algunos es evidente, que s\u00ed\u00bb. \u00abLos guardias civiles son unos animales, solo saben dar palos\u00bb; \u00abparecen perros rabiosos\u00bb; \u00ab\u00bfestar\u00e1s contento con lo que hizo ayer tu padre?\u00bb. Son tres de las expresiones con las que profesores de un instituto de Sant Andreu de la Barca (Barcelona) se dirigieron a hijos de guardias civiles tras el refer\u00e9ndum y que han acabado esta semana con la denuncia de la Fiscal\u00eda por un delito de incitaci\u00f3n al odio. El hijo de Laura (nombre ficticio porque le preocupa que la se\u00f1alen con el suyo) volvi\u00f3 del colegio y le solt\u00f3 a su padre: \u00abHe visto v\u00eddeos en clase de tus compa\u00f1eros pegando a la gente\u00bb. El ni\u00f1o tiene siete a\u00f1os. Su padre, guardia civil en el puerto de Tarragona, le record\u00f3 que a \u00e9l tambi\u00e9n le rega\u00f1aba si no obedec\u00eda&#8230; \u00abLa directora del colegio es independentista. Tienen pancartas colgadas dentro del centro, pegatinas pidiendo la libertad de los pol\u00edticos encarcelados, un mu\u00f1eco vestido de amarillo&#8230;\u00bb, enumera Laura, que oy\u00f3 los gritos contra la Guardia Civil procedentes del patio mientras paseaba a su perro. \u00abSoy catalana para mi desgracia a d\u00eda de hoy, pero tambi\u00e9n soy espa\u00f1ola y no me respetan\u00bb. Cuenta Laura, que atraviesa un momento vital complicado, que empiezan elimin\u00e1ndote en la red social Facebook y acaban sin dirigirte la palabra por la calle. \u00abEso son los indepes, los que el otro d\u00eda le chillaron a mi hermana que d\u00f3nde iba con esa mierda de pulsera (una de Espa\u00f1a). Yo no quiero explicarle a mi hijo cosas que no le corresponden por edad ni forman parte de nuestra vida, pero tengo miedo de que tomen represalias contra \u00e9l por ser hijo de un guardia\u00bb. Un cuartel en Solsona (L\u00e9rida) reclama la libertad de los exconsejeros catalanes en prisi\u00f3n &#8211; In\u00e9s Baucells Viven en un pueblo de Tarragona -\u00abni se te ocurra poner el nombre tampoco\u00bb-, advierte; un pueblo tomado por el amarillo, que se ha convertido en la llave para no ser un apestado y estar en el c\u00edrculo en determinados ambientes. \u00abMe dicen los profesores que le ponga TV3 para que vea los dibujos en catal\u00e1n, pero esa es mi peque\u00f1a venganza\u00bb, resume esta catalana cuya familia es de origen madrile\u00f1o. Ella y su marido tomaron una decisi\u00f3n dr\u00e1stica: \u00e9l ha pedido el traslado a Ceuta. No se lo han dado. Van a insistir y eso que el cambio le supone a Laura cambiar sus revisiones m\u00e9dicas oncol\u00f3gicas. \u00abCeuta, porque nos permite seguir manteniendo nuestra casa aqu\u00ed, a ver si se calma el ambiente\u00bb. El art\u00edculo 155 El cultivo de esta fractura social ha sido lento, macerado y no parece que el 155 est\u00e9 enmendando plana alguna. \u00abMi hijo no me dijo nada, pero un amigo suyo lleg\u00f3 a casa con un papel muy bien doblado: \u201cMami, traigo una cosa muy importante aqu\u00ed\u201d. Era la estelada que la hab\u00edan dibujado en clase, \u00a1con cinco a\u00f1os!\u00bb, explica Lorena noqueada a\u00fan por la fractura social que ha reducido de forma progresiva su c\u00edrculo de amistades. \u00abYo me llevo bien con mis compa\u00f1eros de trabajo pero el grupo de amigos se ha roto y otros nos hablan a la fuerza. Las relaciones se han enturbiado, son falsas. El otro d\u00eda me preguntaron qu\u00e9 opinaba de los detenidos por los CDR. Mi respuesta fue: yo no opino nada que luego todo se sabe\u00bb. Trabaja en un supermercado y vive&hellip;<br \/>\nVia: <a href=\"http:\/\/www.abc.es\/espana\/abci-guardia-civil-tras-no-merece-pena-vivir-aqui-irrespirable-201804290137_noticia.html\" target=\"_blank\">\u00abYa no merece la pena vivir aqu\u00ed. Es irrespirable\u00bb<\/a><\/p>\n","protected":false},"excerpt":{"rendered":"<p>\u00abMam\u00e1, \u00bfa ti qu\u00e9 bandera te gusta m\u00e1s la estelada o la espa\u00f1ola?, le pregunta a Lorena su hijo, que a\u00fan no ha cumplido seis a\u00f1os, bajo la sombra de la que preside el cuartel en el que viven en Solsona (L\u00e9rida). \u00abLa que a ti te guste, cari\u00f1o, pero [&hellip;]<\/p>\n","protected":false},"author":2,"featured_media":39011,"comment_status":"open","ping_status":"closed","sticky":false,"template":"","format":"standard","meta":{"footnotes":""},"categories":[6],"tags":[],"class_list":["post-39010","post","type-post","status-publish","format-standard","has-post-thumbnail","hentry","category-spanish"],"_links":{"self":[{"href":"https:\/\/theworldwidejournal.com\/index.php?rest_route=\/wp\/v2\/posts\/39010","targetHints":{"allow":["GET"]}}],"collection":[{"href":"https:\/\/theworldwidejournal.com\/index.php?rest_route=\/wp\/v2\/posts"}],"about":[{"href":"https:\/\/theworldwidejournal.com\/index.php?rest_route=\/wp\/v2\/types\/post"}],"author":[{"embeddable":true,"href":"https:\/\/theworldwidejournal.com\/index.php?rest_route=\/wp\/v2\/users\/2"}],"replies":[{"embeddable":true,"href":"https:\/\/theworldwidejournal.com\/index.php?rest_route=%2Fwp%2Fv2%2Fcomments&post=39010"}],"version-history":[{"count":0,"href":"https:\/\/theworldwidejournal.com\/index.php?rest_route=\/wp\/v2\/posts\/39010\/revisions"}],"wp:featuredmedia":[{"embeddable":true,"href":"https:\/\/theworldwidejournal.com\/index.php?rest_route=\/wp\/v2\/media\/39011"}],"wp:attachment":[{"href":"https:\/\/theworldwidejournal.com\/index.php?rest_route=%2Fwp%2Fv2%2Fmedia&parent=39010"}],"wp:term":[{"taxonomy":"category","embeddable":true,"href":"https:\/\/theworldwidejournal.com\/index.php?rest_route=%2Fwp%2Fv2%2Fcategories&post=39010"},{"taxonomy":"post_tag","embeddable":true,"href":"https:\/\/theworldwidejournal.com\/index.php?rest_route=%2Fwp%2Fv2%2Ftags&post=39010"}],"curies":[{"name":"wp","href":"https:\/\/api.w.org\/{rel}","templated":true}]}}