{"id":39012,"date":"1970-01-01T01:00:00","date_gmt":"1970-01-01T00:00:00","guid":{"rendered":"https:\/\/theworldwidejournal.com\/1970\/01\/01\/queremos-ser-espanoles-de-primera-no-estadounidenses-de-segunda\/"},"modified":"1970-01-01T01:00:00","modified_gmt":"1970-01-01T00:00:00","slug":"queremos-ser-espanoles-de-primera-no-estadounidenses-de-segunda","status":"publish","type":"post","link":"https:\/\/theworldwidejournal.com\/?p=39012","title":{"rendered":"\u00abQueremos ser espa\u00f1oles de primera, no estadounidenses de segunda\u00bb"},"content":{"rendered":"<p>Jos\u00e9 Nieves Seise resuella mientras remonta las calles empinadas del Viejo San Juan, el casco hist\u00f3rico de la capital de Puerto Rico. Camina hacia el Castillo del Morro, una fortaleza espa\u00f1ola que se remonta al siglo XVI, bajo el reinado de Felipe II. El sol del mediod\u00eda y la humedad del Caribe son una bofetada a mano abierta, y el corpach\u00f3n de Nieves transpira a pleno rendimiento. El calor, sin embargo, no corta su discurso. Encuentra la sombra entre el piso de adoquines y recita fechas hist\u00f3ricas y acciones heroicas contra los gringos, recuerda a reyes y legisladores, apunta a estatuas y placas conmemorativas y, con la fortaleza militar ya en el horizonte, suspira ante la bandera estadounidense que la remata. \u00c9l lucha por ver otras ense\u00f1as ah\u00ed arriba: la de Espa\u00f1a y la antigua bandera de la provincia de Puerto Rico, que ondearon aqu\u00ed hasta 1898 tras perder la guerra con EE.UU.. Esta \u00faltima la lleva en el bolsillo. Nieves preside el Movimiento para la Reunificaci\u00f3n con Espa\u00f1a (MRE), una reclamaci\u00f3n muy minoritaria en la isla pero que ha ganado eco tras la deficiente respuesta de las autoridades federales de EE.UU. al hurac\u00e1n Mar\u00eda de septiembre del a\u00f1o pasado, que provoc\u00f3 una crisis humanitaria que todav\u00eda padece Puerto Rico. Muchos puertorrique\u00f1os han responsabilizad al peculiar estatus de su pa\u00eds, estado libre asociado a EE.UU. \u2013para muchos, una simple colonia\u2013, de que no se diera a Puerto Rico el mismo trato que a los desastres naturales en Texas o Florida del a\u00f1o pasado. \u2013\u00bfEn qu\u00e9 momento est\u00e1 el movimiento que preside? \u2013Est\u00e1 creciendo. Comenz\u00f3 de cero y estamos luchando contra corriente, los medios de comunicaci\u00f3n locales no nos dan cobertura. Seg\u00fan una encuesta de 2014, entre el 10% y el 20% apoyar\u00eda la reunificaci\u00f3n con Espa\u00f1a. Hay que entender que durante 120 a\u00f1os nunca se habl\u00f3 de regresar a Espa\u00f1a. Solo de estadidad [convertirse en un estado de EE.UU. con plenos poderes] o independencia. \u2013\u00bfPor qu\u00e9 la reunificaci\u00f3n con Espa\u00f1a? \u2013Queremos recuperar la igualdad pol\u00edtica que perdimos en 1898. Somos ciudadanos de segunda. No votamos al presidente, no tenemos senadores o representantes en Washington. Tenemos solo un gobernador que solo administra la colonia y, para colmo, nos impusieron una junta fiscal que manda m\u00e1s que el gobernador. Con la reunificaci\u00f3n, ser\u00edamos ciudadanos espa\u00f1oles de primera y no estadounidenses de segunda. Es incre\u00edble que en el siglo XXI, el pa\u00eds que dice ser la democracia m\u00e1s grande del mundo no la aplique sobre Puerto Rico. \u2013El actual gobernador, Ricardo Rosell\u00f3, es estadista. Si la reunificaci\u00f3n no es posible, \u00bfser\u00eda mejor ser estado de EE.UU.? \u2013En ese caso, tendr\u00edamos igualdad pol\u00edtica, pero dejar\u00edamos de ser puertorrique\u00f1os. Perder\u00edamos nuestro idioma espa\u00f1ol, nuestra cultura. Nos asimilar\u00edamos, como ocurri\u00f3 en Nuevo M\u00e9xico o en Luisiana. No cabemos en EE.UU., como un pa\u00eds hispano, una naci\u00f3n hist\u00f3rica espa\u00f1ola. Por eso no nos dan estadidad, no quieren convertir a EE.UU. en un pa\u00eds multicultural. El que quiera estadidad, que la quiera con Espa\u00f1a. La puertorrique\u00f1idad fue producto de la conquista espa\u00f1ola. La coletilla que m\u00e1s repite Nieves es \u00abvolver a casa\u00bb. Eso significa para \u00e9l la reunificaci\u00f3n con Espa\u00f1a, que defiende con un aluvi\u00f3n de datos hist\u00f3ricos: Puerto Rico fue provincia espa\u00f1ola desde 1809 y se autodetermin\u00f3 con la carta auton\u00f3mica de 1897. \u00abEsa autodeterminaci\u00f3n fue quebrantada con la invasi\u00f3n estadounidense de 1898 y con el ilegal Tratado de Par\u00eds, que separ\u00f3 un mill\u00f3n de espa\u00f1oles puertorrique\u00f1os de su naci\u00f3n, en contra de su voluntad\u00bb, asegura. La reclamaci\u00f3n del MRE, sin embargo, convive en el tiempo con movimientos a la inversa en Espa\u00f1a, comandados por el desaf\u00edo secesionista en Catalu\u00f1a. \u2013\u00bfLe parece ir\u00f3nico que mientras ustedes piden volver a Espa\u00f1a hay espa\u00f1oles que quieren dejar de serlo? \u2013Lo que est\u00e1 ocurriendo en Catalu\u00f1a es que los nacionalistas controlaron la educaci\u00f3n y han creado una generaci\u00f3n separatista que no exist\u00eda hace treinta a\u00f1os. Han sufrido un endoctrinamiento igual que aqu\u00ed. Los catalanes para lograr su independencia y los puertorrique\u00f1os para que dej\u00e1ramos de ser espa\u00f1oles. Es lo mismo, pero a la inversa: a nosotros para americanizarnos y a ellos para desespa\u00f1olizarlos. Pero yo les digo a los catalanes que no saben lo que tienen. Que se comparen con los catalanes franceses, donde no tienen autonom\u00eda, ni pueden hablar catal\u00e1n. O que nos miren a nosotros, que nos separaron hace 119 a\u00f1os y sabemos lo que hay. Nadie sabe lo que tiene hasta que lo pierde. \u2013\u00bfCree que la respuesta de EE.UU. al hurac\u00e1n Mar\u00eda favorecer\u00e1 a su movimiento? \u2013S\u00ed, porque se vio que la ayuda de EE.UU. fue obligada, se vio por primera vez la cara del anglosaj\u00f3n. Y esto no es cuesti\u00f3n de Donald Trump, es el Gobierno de EE.UU. Porque el primer plebiscito sobre nuestro estatus fue con Barack Obama, el 54% vot\u00f3 en contra, y nos ignor\u00f3. Con Espa\u00f1a, la respuesta al hurac\u00e1n hubiera sido mucho mejor, con amor, con el coraz\u00f3n. \u2013\u00bfQu\u00e9 ganar\u00eda Espa\u00f1a con la reunificaci\u00f3n? \u2013Puerto Rico ser\u00eda la entrada de Espa\u00f1a y de la UE a las Am\u00e9ricas. \u00bfUsted se imagina un puerto espa\u00f1ol en el Caribe? Si Francia e Inglaterra tienen posesiones en el Caribe, \u00bfpor qu\u00e9 Espa\u00f1a no? \u2013\u00bfPiensan presentarse a elecciones? -En este momento, no. Somos un movimiento c\u00edvico-pol\u00edtico. Pero nuestra idea es ser la tercera fuerza pol\u00edtica dentro de seis o siete a\u00f1os. Muchos puertorrique\u00f1os ya apoyan la reunificaci\u00f3n, pero la ven como una segunda opci\u00f3n a la estadidad. Ya la ven con buenos ojos. Tenemos 120 a\u00f1os de desventaja, pero un futuro prometedor.<br \/>\nVia: <a href=\"http:\/\/www.abc.es\/espana\/abci-queremos-ciudadanos-espanoles-primera-no-estadounidenses-segunda-201804290131_noticia.html\" target=\"_blank\">\u00abQueremos ser espa\u00f1oles de primera, no estadounidenses de segunda\u00bb<\/a><\/p>\n","protected":false},"excerpt":{"rendered":"<p>Jos\u00e9 Nieves Seise resuella mientras remonta las calles empinadas del Viejo San Juan, el casco hist\u00f3rico de la capital de Puerto Rico. Camina hacia el Castillo del Morro, una fortaleza espa\u00f1ola que se remonta al siglo XVI, bajo el reinado de Felipe II. El sol del mediod\u00eda y la humedad [&hellip;]<\/p>\n","protected":false},"author":2,"featured_media":39013,"comment_status":"open","ping_status":"closed","sticky":false,"template":"","format":"standard","meta":{"footnotes":""},"categories":[6],"tags":[],"class_list":["post-39012","post","type-post","status-publish","format-standard","has-post-thumbnail","hentry","category-spanish"],"_links":{"self":[{"href":"https:\/\/theworldwidejournal.com\/index.php?rest_route=\/wp\/v2\/posts\/39012","targetHints":{"allow":["GET"]}}],"collection":[{"href":"https:\/\/theworldwidejournal.com\/index.php?rest_route=\/wp\/v2\/posts"}],"about":[{"href":"https:\/\/theworldwidejournal.com\/index.php?rest_route=\/wp\/v2\/types\/post"}],"author":[{"embeddable":true,"href":"https:\/\/theworldwidejournal.com\/index.php?rest_route=\/wp\/v2\/users\/2"}],"replies":[{"embeddable":true,"href":"https:\/\/theworldwidejournal.com\/index.php?rest_route=%2Fwp%2Fv2%2Fcomments&post=39012"}],"version-history":[{"count":0,"href":"https:\/\/theworldwidejournal.com\/index.php?rest_route=\/wp\/v2\/posts\/39012\/revisions"}],"wp:featuredmedia":[{"embeddable":true,"href":"https:\/\/theworldwidejournal.com\/index.php?rest_route=\/wp\/v2\/media\/39013"}],"wp:attachment":[{"href":"https:\/\/theworldwidejournal.com\/index.php?rest_route=%2Fwp%2Fv2%2Fmedia&parent=39012"}],"wp:term":[{"taxonomy":"category","embeddable":true,"href":"https:\/\/theworldwidejournal.com\/index.php?rest_route=%2Fwp%2Fv2%2Fcategories&post=39012"},{"taxonomy":"post_tag","embeddable":true,"href":"https:\/\/theworldwidejournal.com\/index.php?rest_route=%2Fwp%2Fv2%2Ftags&post=39012"}],"curies":[{"name":"wp","href":"https:\/\/api.w.org\/{rel}","templated":true}]}}