{"id":39016,"date":"1970-01-01T01:00:00","date_gmt":"1970-01-01T00:00:00","guid":{"rendered":"https:\/\/theworldwidejournal.com\/1970\/01\/01\/genova-quiere-a-casado-en-la-gestora-para-lanzarlo-de-candidato-en-madrid\/"},"modified":"1970-01-01T01:00:00","modified_gmt":"1970-01-01T00:00:00","slug":"genova-quiere-a-casado-en-la-gestora-para-lanzarlo-de-candidato-en-madrid","status":"publish","type":"post","link":"https:\/\/theworldwidejournal.com\/?p=39016","title":{"rendered":"G\u00e9nova quiere a Casado en la gestora para lanzarlo de candidato en Madrid"},"content":{"rendered":"<p>La direcci\u00f3n del PP trabaja con la idea de que Pablo Casado entre en la gestora de Madrid para que sea \u00e9l la nueva cara visible del partido regional. Rajoy a\u00fan debe autorizar la operaci\u00f3n, que reforzar\u00eda al joven portavoz nacional como cartel electoral para 2019. El vicesecretario de Comunicaci\u00f3n estaba llamado a luchar por la capital pero en el PP no le descartan para la Comunidad ahora que tambi\u00e9n hay que sustituir a Cristina Cifuentes. Casado tiene el apoyo de los distintos sectores del PP madrile\u00f1o y no suscita recelos ni en la direcci\u00f3n nacional ni en Moncloa. El plan de G\u00e9nova es que Casado est\u00e9 acompa\u00f1ado por Juan Carlos Vera, fontanero de confianza de Rajoy, encargado de dise\u00f1ar las listas y la campa\u00f1a electoral. Vera ya pilot\u00f3 con \u00e9xito la sucesi\u00f3n de Esperanza Aguirre hacia Cifuentes, con \u00e9sta de presidenta y llev\u00f3 la campa\u00f1a en 2015 a la Comunidad. Casado ser\u00eda el protagonista pol\u00edtico principal. Los dos acudir\u00e1n este mi\u00e9rcoles a la recepci\u00f3n en la Real Casa de Correos, en Sol, por el Dos de Mayo. Tambi\u00e9n acudir\u00e1 la vicepresidenta del Gobierno, Soraya S\u00e1enz de Santamar\u00eda, otra asidua a la fiesta madrile\u00f1a y otra fija en las quinielas como candidata en Madrid. En la direcci\u00f3n del PP se admite abiertamente que Casado representaba una apuesta segura para luchar por la capital contra Manuela Carmena. Pero la ca\u00edda de Cifuentes ha dejado vacante la Comunidad y en el partido ya se especula con que el joven pol\u00edtico acabe compitiendo en ese puesto. Una posibilidad que diputados populares aplaud\u00edan el viernes en la Asamblea de Vallecas. \u00abNecesitamos alguien que reconecte con el electorado joven y tal vez a Pablo le vaya mejor competir aqu\u00ed que contra Bego\u00f1a Villac\u00eds\u00bb, apunt\u00f3 un cargo regional con mucha experiencia en campa\u00f1as del PP. Un perfil neutral Las especulaciones, en todo caso, se han desatado. El PP madrile\u00f1o est\u00e1 hu\u00e9rfano. La organizaci\u00f3n m\u00e1s importante de Espa\u00f1a se resiente de la ca\u00edda de Cifuentes, que tras el ocaso de Esperanza Aguirre hab\u00eda cimentado un partido a su imagen y semejanza. Urge encontrar un nuevo referente. La idea de Rajoy es designar un presidente \u00abtransitorio\u00bb en la Comunidad hasta 2019, alguien que no d\u00e9 problemas. \u00abY luego ya veremos a qui\u00e9n ponemos\u00bb, resume un genov\u00e9s. Pero mientras tanto, el PP de Madrid necesita una nueva cara, un referente pol\u00edtico fuerte y que no despierte reticencias internas, que sea neutral. Y en eso el vicesecretario de Comunicaci\u00f3n del PP es un valor seguro. Casado suma apoyos de todos los sectores madrile\u00f1os. Y no despierta recelos en nadie, ni en la direcci\u00f3n nacional ni en La Moncloa. Y eso es mucho. Su carta electoral se descubri\u00f3 hace un a\u00f1o, tras fracasar el intento de Juan Vicente Herrera de hacerle su sucesor en Castilla y Le\u00f3n frente a Alfonso Fern\u00e1ndez Ma\u00f1ueco. Desde entonces se le apunta como candidato en Madrid. \u00c9l se deja querer. Rajoy tendr\u00e1 la \u00faltima palabra pero en G\u00e9nova est\u00e1n convencidos de que el portavoz llegar\u00e1 con altas opciones para ser designado candidato en 2019, qui\u00e9n sabe si al Consistorio o a la Comunidad. El PP cree que la pol\u00e9mica por su m\u00e1ster cursado tambi\u00e9n en la Universidad Rey Juan Carlos no le pasar\u00e1 factura. La direcci\u00f3n cree que, frente al nefasto caso de Cifuentes, su defensa fue implacable:\u00abHa superado ese examen con nota\u00bb, se\u00f1alan en la cumbre del PP.<br \/>\nVia: <a href=\"http:\/\/www.abc.es\/espana\/abci-genova-quiere-casado-gestora-para-lanzarlo-como-candidato-madrid-201804290131_noticia.html\" target=\"_blank\">G\u00e9nova quiere a Casado en la gestora para lanzarlo de candidato en Madrid<\/a><\/p>\n","protected":false},"excerpt":{"rendered":"<p>La direcci\u00f3n del PP trabaja con la idea de que Pablo Casado entre en la gestora de Madrid para que sea \u00e9l la nueva cara visible del partido regional. Rajoy a\u00fan debe autorizar la operaci\u00f3n, que reforzar\u00eda al joven portavoz nacional como cartel electoral para 2019. El vicesecretario de Comunicaci\u00f3n [&hellip;]<\/p>\n","protected":false},"author":2,"featured_media":39017,"comment_status":"open","ping_status":"closed","sticky":false,"template":"","format":"standard","meta":{"footnotes":""},"categories":[6],"tags":[],"class_list":["post-39016","post","type-post","status-publish","format-standard","has-post-thumbnail","hentry","category-spanish"],"_links":{"self":[{"href":"https:\/\/theworldwidejournal.com\/index.php?rest_route=\/wp\/v2\/posts\/39016","targetHints":{"allow":["GET"]}}],"collection":[{"href":"https:\/\/theworldwidejournal.com\/index.php?rest_route=\/wp\/v2\/posts"}],"about":[{"href":"https:\/\/theworldwidejournal.com\/index.php?rest_route=\/wp\/v2\/types\/post"}],"author":[{"embeddable":true,"href":"https:\/\/theworldwidejournal.com\/index.php?rest_route=\/wp\/v2\/users\/2"}],"replies":[{"embeddable":true,"href":"https:\/\/theworldwidejournal.com\/index.php?rest_route=%2Fwp%2Fv2%2Fcomments&post=39016"}],"version-history":[{"count":0,"href":"https:\/\/theworldwidejournal.com\/index.php?rest_route=\/wp\/v2\/posts\/39016\/revisions"}],"wp:featuredmedia":[{"embeddable":true,"href":"https:\/\/theworldwidejournal.com\/index.php?rest_route=\/wp\/v2\/media\/39017"}],"wp:attachment":[{"href":"https:\/\/theworldwidejournal.com\/index.php?rest_route=%2Fwp%2Fv2%2Fmedia&parent=39016"}],"wp:term":[{"taxonomy":"category","embeddable":true,"href":"https:\/\/theworldwidejournal.com\/index.php?rest_route=%2Fwp%2Fv2%2Fcategories&post=39016"},{"taxonomy":"post_tag","embeddable":true,"href":"https:\/\/theworldwidejournal.com\/index.php?rest_route=%2Fwp%2Fv2%2Ftags&post=39016"}],"curies":[{"name":"wp","href":"https:\/\/api.w.org\/{rel}","templated":true}]}}