{"id":39083,"date":"1970-01-01T01:00:00","date_gmt":"1970-01-01T00:00:00","guid":{"rendered":"https:\/\/theworldwidejournal.com\/1970\/01\/01\/cuatro-historias-dos-bandos-y-una-exhumacion\/"},"modified":"1970-01-01T01:00:00","modified_gmt":"1970-01-01T00:00:00","slug":"cuatro-historias-dos-bandos-y-una-exhumacion","status":"publish","type":"post","link":"https:\/\/theworldwidejournal.com\/?p=39083","title":{"rendered":"Cuatro historias, dos bandos y una exhumaci\u00f3n"},"content":{"rendered":"<p>Las de Pedro Gil, Juan Gonz\u00e1lez y los hermanos Manuel y Antonio Ramiro Lape\u00f1a son s\u00f3lo cuatro de las 33.815 historias que hay sepultadas bajo el Valle de los Ca\u00eddos. Pedro y Juan combatieron en las filas nacionales, mientras que los Lape\u00f1a fueron fusilados por su cercan\u00eda ideol\u00f3gica con el bando republicano. Hoy sus descendientes, de sensibilidades pol\u00edticas diversas y con la determinaci\u00f3n de cerrar las heridas de la Guerra Civil, comparten \u00abtrinchera\u00bb en una batalla com\u00fan: conseguir que los cuerpos de sus seres queridos sean exhumados para llevarlos de vuelta a casa. El hogar de Pedro estaba junto a su mujer y su hijo reci\u00e9n nacido en Ome\u00f1aca, un peque\u00f1o pueblo de Soria, hasta donde lleg\u00f3 tras pasar por otras dos localidades de la geograf\u00eda soriana. \u00abEl abuelo naci\u00f3 en Castej\u00f3n, pas\u00f3 toda su juventud en Tajahuerce y se cas\u00f3 en Ome\u00f1aca\u00bb, rememora Rosa Gil, su nieta, quien tambi\u00e9n confirma que fue en esta \u00faltima localidad donde se estableci\u00f3 para formar una familia. A medio camino entre la veintena y la treintena, su abuelo era un joven agricultor castellano \u00abmuy querido en el pueblo\u00bb que acababa de ser padre y ten\u00eda otro hijo en camino junto a su mujer. Entonces estall\u00f3 la guerra y recibi\u00f3 la llamada a filas. Fue reclutado por los nacionales y enviado al frente de Zaragoza. \u00abCuando muri\u00f3 ten\u00eda 26 a\u00f1os, le faltaban unos d\u00edas para cumplir 27\u00bb, explica su nieta, quien detalla a ABC que este joven agricultor convertido en soldado tuvo la \u00abfortuna\u00bb de alejarse de la vanguardia en el combate. \u00abEra zapador. Como estaba casado y ten\u00eda un hijo le toc\u00f3 hacer trincheras\u00bb. Pese a ello, como indica Gil, \u00abmuri\u00f3 el 1 de junio de 1937 en Tardienta (Huesca) por culpa de una bala perdida\u00bb. \u00abEl abuelo tuvo la suerte de llegar al hospital militar de Zaragoza, pero a la media hora muri\u00f3\u00bb, relata esta mujer, quien confirma que \u00abese mismo d\u00eda se registr\u00f3 su entrada al cementerio de Zaragoza\u00bb. Las malas noticias llegaron entonces hasta aquel pueblecito de Soria donde aguardaba su mujer y donde Pedro estaba considerado \u00abun hombre muy dispuesto\u00bb. La madre de esos hijos que hoy ya son abuelos \u00abpas\u00f3 el resto del embarazo en la cama\u00bb y, a\u00f1os despu\u00e9s, cuando se acordaba de los malos tiempos dijo, seg\u00fan cuenta Gil, lo siguiente: \u00abNo volver\u00eda a vivir s\u00f3lo por lo que yo pas\u00e9 entonces\u00bb. En primera l\u00ednea por error Tambi\u00e9n agricultor e igualmente reclamado por las filas nacionales, Juan Gonz\u00e1lez tuvo que dejar a su mujer y a su hija de cuatro meses en Arriate (M\u00e1laga) para ir a la guerra como antes tuvieron que hacer sus hermanos mayores, quienes sin embargo acudieron al frente como soldados republicanos. \u00abAl principio, cuando reclutaron a sus hermanos, mi abuelo se libr\u00f3 de ir a la guerra porque se ten\u00eda que quedar a cuidar de su padre y a hacer las tareas del campo\u00bb, especifica Juan Jos\u00e9 Guerrero, su nieto, que recibi\u00f3 su primer nombre en su honor. \u00abNo s\u00e9 si mi abuelo y sus hermanos se fueron contentos a la guerra, pero me cuesta pensar que alguien vaya voluntario a estas cosas\u00bb, relata Guerrero, quien subraya que a su abuelo le \u00abreclutaron forzosamente\u00bb. Cuando muri\u00f3 all\u00e1 por 1938, Gonz\u00e1lez era un joven andaluz de 28 a\u00f1os que estuvo a punto de librarse del conflicto, pero que finalmente se vi\u00f3 inmerso en primera l\u00ednea de batalla, pese a tener, como Pedro Gil, una familia que le esperaba de vuelta. Como en el registr\u00f3 figuraba por error como un hombre soltero, su abuelo \u00abestuvo en primera fila con una ametralladora\u00bb, revela Guerrero, quien lamenta un fallo que despu\u00e9s complicar\u00eda mucho su identificaci\u00f3n:\u00abSi \u00e9l hubiera estado registrado en el alistamiento como casado y con un hijo, no le hubiera tocado vanguardia\u00bb. Y efectivamente, Juan estaba casado y ten\u00eda una hija \u00abde cuatro meses\u00bb en el momento en el que fue llamado a filas. \u00abNadie se acuerda de la gente del campo salvo cuando hay que ir a buscarlos\u00bb, ironiza hoy el nieto de un hombre al que hirieron en el frente de C\u00f3rdoba, desde donde envi\u00f3 sus \u00faltimas cartas a la familia: \u00abSabemos que despu\u00e9s lo llevaron a Jerez, porque all\u00ed lo enterraron\u00bb. El caso de los hermanos Lape\u00f1a es diferente: no fueron a la guerra, tampoco fueron reclamados por ning\u00fan bando; m\u00e1s bien el conflicto les atrap\u00f3 a ellos. Naturales de la localidad zaragozana de Villarroya de la Sierra, Manuel y Antonio Ramiro fueron asesinados por su forma de pensar y sus inclinaciones pol\u00edticas. Sin ir la frente \u00abLa guerra pr\u00e1cticamente no lleg\u00f3 a la zona de Calatayud, en esta comarca en realidad no hubo guerra, ni frente, ni batallas ni nada. Alguna escaramuza al principio por defender la rep\u00fablica pero no hubo grandes combates\u00bb, contextualiza Miguel \u00c1ngel Capap\u00e9, marido de Purificaci\u00f3n Lape\u00f1a, nieta de Manuel y sobrina nieta de Antonio Ramiro, dos hermanos que rondaban la cuarentena en el momento de su muerte y tambi\u00e9n \u00abmuy conocidos en su pueblo por sus profesiones\u00bb. Manuel, concretamente, era el veterinario de la zona. \u00abDicen que era una persona muy buena, que hac\u00eda muchos trabajos que no cobraba y que ayudaba en lo que pod\u00eda\u00bb, le describe Capap\u00e9, quien confiesa una an\u00e9cdota relacionada con este veterinario fusilado:\u00abEn Villarroya hay un monte peque\u00f1o que le regalaron a Manuel porque una vez no pudieron pagarle lo que le deb\u00edan por un trabajo. Manuel lo cogi\u00f3 y planto \u00e1rboles que todav\u00eda est\u00e1n en ese monte que se conoce como el el &#8220;cerrico de Lape\u00f1a&#8221;\u00bb. Capap\u00e9 confirma que Manuel fue miembro \u2013y quiz\u00e1 fundador\u2013 del sindicato CNTen el pueblo. \u00abAntonio Ramiro tambi\u00e9n era miembro del sindicato, lo dice la gente de all\u00ed aunque no haya documentaci\u00f3n que lo pruebe\u00bb, asegura este hombre, quien suscribe que \u00abno eran miembros demasiado activos\u00bb. Por ello, Capap\u00e9 sostiene que los Lape\u00f1a \u00abfueron asesinados\u00bb. \u00abA Manuel le cogen al poco de empezar la guerra. Estuvo detenido en Calatayud, en un mercado de abastos que habilitaron como c\u00e1rcel y despu\u00e9s lo llevaron al barranco&hellip;<br \/>\nVia: <a href=\"http:\/\/www.abc.es\/espana\/abci-cuatro-historias-bandos-y-exhumacion-201804290134_noticia.html\" target=\"_blank\">Cuatro historias, dos bandos y una exhumaci\u00f3n<\/a><\/p>\n","protected":false},"excerpt":{"rendered":"<p>Las de Pedro Gil, Juan Gonz\u00e1lez y los hermanos Manuel y Antonio Ramiro Lape\u00f1a son s\u00f3lo cuatro de las 33.815 historias que hay sepultadas bajo el Valle de los Ca\u00eddos. Pedro y Juan combatieron en las filas nacionales, mientras que los Lape\u00f1a fueron fusilados por su cercan\u00eda ideol\u00f3gica con el [&hellip;]<\/p>\n","protected":false},"author":2,"featured_media":39084,"comment_status":"open","ping_status":"closed","sticky":false,"template":"","format":"standard","meta":{"footnotes":""},"categories":[6],"tags":[],"class_list":["post-39083","post","type-post","status-publish","format-standard","has-post-thumbnail","hentry","category-spanish"],"_links":{"self":[{"href":"https:\/\/theworldwidejournal.com\/index.php?rest_route=\/wp\/v2\/posts\/39083","targetHints":{"allow":["GET"]}}],"collection":[{"href":"https:\/\/theworldwidejournal.com\/index.php?rest_route=\/wp\/v2\/posts"}],"about":[{"href":"https:\/\/theworldwidejournal.com\/index.php?rest_route=\/wp\/v2\/types\/post"}],"author":[{"embeddable":true,"href":"https:\/\/theworldwidejournal.com\/index.php?rest_route=\/wp\/v2\/users\/2"}],"replies":[{"embeddable":true,"href":"https:\/\/theworldwidejournal.com\/index.php?rest_route=%2Fwp%2Fv2%2Fcomments&post=39083"}],"version-history":[{"count":0,"href":"https:\/\/theworldwidejournal.com\/index.php?rest_route=\/wp\/v2\/posts\/39083\/revisions"}],"wp:featuredmedia":[{"embeddable":true,"href":"https:\/\/theworldwidejournal.com\/index.php?rest_route=\/wp\/v2\/media\/39084"}],"wp:attachment":[{"href":"https:\/\/theworldwidejournal.com\/index.php?rest_route=%2Fwp%2Fv2%2Fmedia&parent=39083"}],"wp:term":[{"taxonomy":"category","embeddable":true,"href":"https:\/\/theworldwidejournal.com\/index.php?rest_route=%2Fwp%2Fv2%2Fcategories&post=39083"},{"taxonomy":"post_tag","embeddable":true,"href":"https:\/\/theworldwidejournal.com\/index.php?rest_route=%2Fwp%2Fv2%2Ftags&post=39083"}],"curies":[{"name":"wp","href":"https:\/\/api.w.org\/{rel}","templated":true}]}}