{"id":39151,"date":"1970-01-01T01:00:00","date_gmt":"1970-01-01T00:00:00","guid":{"rendered":"https:\/\/theworldwidejournal.com\/1970\/01\/01\/rajoy-frena-la-eleccion-de-cabezas-de-lista-del-pp-tras-la-crisis-de-cifuentes\/"},"modified":"1970-01-01T01:00:00","modified_gmt":"1970-01-01T00:00:00","slug":"rajoy-frena-la-eleccion-de-cabezas-de-lista-del-pp-tras-la-crisis-de-cifuentes","status":"publish","type":"post","link":"https:\/\/theworldwidejournal.com\/?p=39151","title":{"rendered":"Rajoy frena la elecci\u00f3n de cabezas de lista del PP tras la crisis de Cifuentes"},"content":{"rendered":"<p>El estallido de la crisis en el PP de Madrid por los esc\u00e1ndalos personales de Cristina Cifuentes ha llevado a Mariano Rajoy a frenar el proceso de designaci\u00f3n de candidatos en toda Espa\u00f1a. El presidente del Gobierno accedi\u00f3 a la demanda generalizada en su partido para que se adelantara a \u00abantes del verano\u00bb la elecci\u00f3n de sus cabezas de cartel en las elecciones de 2019, y contar as\u00ed con un mayor margen de preparaci\u00f3n de los elegidos. El plan era anunciar \u00abpor oleadas\u00bb a los aspirantes, los m\u00e1s importantes primero. Pero el descabezamiento del PP madrile\u00f1o aconseja \u00abprudencia\u00bb, seg\u00fan admite la direcci\u00f3n nacional. \u00abTodo se retrasa\u00bb, coment\u00f3 hace d\u00edas\u200a a ABC el coordinador general de G\u00e9nova, Fernando Mart\u00ednez-Maillo. Este dirigente ha recorrido en los \u00faltimos meses las organizaciones territoriales \u2013Islas Baleares y seguir\u00e1 por La Rioja, Cantabria, Asturias o Andaluc\u00eda\u2013 para dirigir la confecci\u00f3n de los equipos que se la jugar\u00e1n en 2019. De momento, G\u00e9nova solo ha autorizado la proclamaci\u00f3n de los candidatos a las capitales de provincia de Andaluc\u00eda, y porque se cree que Susana D\u00edaz podr\u00eda adelantar las elecciones a este a\u00f1o. Lo cierto es que dentro del PP exist\u00eda divisi\u00f3n de opiniones entre quienes prefieren adelantar cuanto antes la designaci\u00f3n y quienes apuestan por reservarse a despu\u00e9s del verano, \u00abpara empezar el nuevo curso con fuerza\u00bb. Ese era el caso de la expresidenta de la Comunidad de Madrid, que se decantaba por no quemar a\u00fan el cartucho del Ayuntamiento. Cifuentes ve\u00eda con buenos ojos a Pablo Casado para luchar contra Manuela Carmena&#8230; Pero ahora todo ha cambiado, admiten en G\u00e9nova, donde ya no se atreven a aventurar el calendario de designaci\u00f3n de candidatos. El PP tiene las principales capitales al descubierto, sin candidato claro \u2013Madrid, Valencia, Zaragoza, Valladolid\u2013 y a l\u00edderes regionales como Isabel Bonig les sigue preocupando que Rajoy deje hasta el final la elecci\u00f3n de cabezas de cartel. Que suceda como en 2015, cuando esper\u00f3 a dos meses antes de las elecciones a decidir que Aguirre y Cifuentes, en sustituci\u00f3n de Ignacio Gonz\u00e1lez, ser\u00edan las candidatas en Madrid. \u00abHabr\u00e1 que esperar un poco\u00bb, repiten en G\u00e9nova. No quiere prisas El descabezamiento en Madrid cambia forzosamente los planes. Ahora Rajoy no quiere prisas, sobre todo teniendo en cuenta que tanto Pedro S\u00e1nchez como Albert Rivera han anunciado que dejar\u00e1n para oto\u00f1o la proclamaci\u00f3n de sus candidatos de PSOEy Ciudadanos. Entre los colaboradores de Rajoy hay quien apuesta que tras este duro rev\u00e9s de Cifuentes lo volver\u00e1 a dejar todo para el final. \u00abConoci\u00e9ndole un poco, el jefe querr\u00e1 esperar a que otros pongan sus cartas sobre la mesa\u00bb, sostiene un veterano del PP. \u00abHay que andar con precauci\u00f3n\u00bb, repiten en G\u00e9nova, donde asumen que tal vez es mejor proteger a los aspirantes del foco medi\u00e1tico, que creen que es m\u00e1s severo con el PP que con el resto. \u00abPongas a quien pongas, nos van a fre\u00edr, tenemos que dejar que la tormenta de Cristina pase\u00bb, a\u00f1aden en la c\u00fapula, donde recuerdan que Pablo Casado ya ha sido sometido a un estrecho marcaje medi\u00e1tico por su curr\u00edculum, que felizmente supo explicar. Pese a las reconocidas cautelas, G\u00e9nova apuesta por colocar a Casado al frente de la gestora del PP de Madrid con la idea de que sea candidato dentro de un a\u00f1o, ya sea al Ayuntamiento o a la Comunidad. Falta el visto bueno del jefe a esta operaci\u00f3n, para la que quiere darse m\u00e1s tiempo:antes elegir\u00e1 al relevo en el Gobierno regional. Algunas direcciones provinciales y locales han encargado encuestas para sondear cu\u00e1les son los mejores candidatos, tal y como ha hecho el PP de Andaluc\u00eda. No existen a nivel nacional, pero s\u00ed la certeza de que Rajoy ser\u00e1 el mejor candidato para defender el proyecto del PP en las municipales y auton\u00f3micas. El presidente lleva todo 2018 dedicando los s\u00e1bados a recorrer el pa\u00eds en actos de partido y su agenda para los dos pr\u00f3ximos meses es de \u00ab\u00f3rdago\u00bb, seg\u00fan desvela un colaborador de La Moncloa.<br \/>\nVia: <a href=\"http:\/\/www.abc.es\/espana\/abci-rajoy-frena-eleccion-candidatos-pp-toda-espana-tras-crisis-cifuentes-201804300128_noticia.html\" target=\"_blank\">Rajoy frena la elecci\u00f3n de cabezas de lista del PP tras la crisis de Cifuentes<\/a><\/p>\n","protected":false},"excerpt":{"rendered":"<p>El estallido de la crisis en el PP de Madrid por los esc\u00e1ndalos personales de Cristina Cifuentes ha llevado a Mariano Rajoy a frenar el proceso de designaci\u00f3n de candidatos en toda Espa\u00f1a. El presidente del Gobierno accedi\u00f3 a la demanda generalizada en su partido para que se adelantara a [&hellip;]<\/p>\n","protected":false},"author":2,"featured_media":39152,"comment_status":"open","ping_status":"closed","sticky":false,"template":"","format":"standard","meta":{"footnotes":""},"categories":[6],"tags":[],"class_list":["post-39151","post","type-post","status-publish","format-standard","has-post-thumbnail","hentry","category-spanish"],"_links":{"self":[{"href":"https:\/\/theworldwidejournal.com\/index.php?rest_route=\/wp\/v2\/posts\/39151","targetHints":{"allow":["GET"]}}],"collection":[{"href":"https:\/\/theworldwidejournal.com\/index.php?rest_route=\/wp\/v2\/posts"}],"about":[{"href":"https:\/\/theworldwidejournal.com\/index.php?rest_route=\/wp\/v2\/types\/post"}],"author":[{"embeddable":true,"href":"https:\/\/theworldwidejournal.com\/index.php?rest_route=\/wp\/v2\/users\/2"}],"replies":[{"embeddable":true,"href":"https:\/\/theworldwidejournal.com\/index.php?rest_route=%2Fwp%2Fv2%2Fcomments&post=39151"}],"version-history":[{"count":0,"href":"https:\/\/theworldwidejournal.com\/index.php?rest_route=\/wp\/v2\/posts\/39151\/revisions"}],"wp:featuredmedia":[{"embeddable":true,"href":"https:\/\/theworldwidejournal.com\/index.php?rest_route=\/wp\/v2\/media\/39152"}],"wp:attachment":[{"href":"https:\/\/theworldwidejournal.com\/index.php?rest_route=%2Fwp%2Fv2%2Fmedia&parent=39151"}],"wp:term":[{"taxonomy":"category","embeddable":true,"href":"https:\/\/theworldwidejournal.com\/index.php?rest_route=%2Fwp%2Fv2%2Fcategories&post=39151"},{"taxonomy":"post_tag","embeddable":true,"href":"https:\/\/theworldwidejournal.com\/index.php?rest_route=%2Fwp%2Fv2%2Ftags&post=39151"}],"curies":[{"name":"wp","href":"https:\/\/api.w.org\/{rel}","templated":true}]}}