{"id":39157,"date":"1970-01-01T01:00:00","date_gmt":"1970-01-01T00:00:00","guid":{"rendered":"https:\/\/theworldwidejournal.com\/1970\/01\/01\/cuando-el-acoso-se-vuelve-rutina\/"},"modified":"1970-01-01T01:00:00","modified_gmt":"1970-01-01T00:00:00","slug":"cuando-el-acoso-se-vuelve-rutina","status":"publish","type":"post","link":"https:\/\/theworldwidejournal.com\/?p=39157","title":{"rendered":"Cuando el acoso se vuelve rutina"},"content":{"rendered":"<p>\u00abLa entrevista mejor la hacemos en el despacho del grupo en el Ayuntamiento, en la sede del partido no se puede estar\u00bb. Miguel Garc\u00eda, portavoz de Ciudadanos en L\u2019Hospitalet de Llobregat (Barcelona), no es que sea un exagerado para salir en los medios: literalmente en la sede que tiene el partido naranja en la segunda ciudad de Catalu\u00f1a no se puede estar. El olor a excrementos es tan fuerte que ha quedado inutilizada, al menos durante unas semanas. Es la consecuencia m\u00e1s directa del \u00faltimo de la docena larga de ataques en la sede del partido en los tres \u00faltimos a\u00f1os, nueve de los cuales consistentes en lanzar excrementos de animales ante la puerta. Las im\u00e1genes grabadas por las c\u00e1maras de seguridad, en la madrugrada del 12 de abril pasado, recogen el momento: en plena noche, un encapuchado se aproxima con varias bolsas, que empieza a vaciar contra la puerta. A la ma\u00f1ana siguiente, el panorama que descubren vecinos y miembros el partido va m\u00e1s all\u00e1 de lo desagradable. \u00abEs asqueroso, as\u00ed estamos. Nos han roto cristales, nos han hecho pintadas, pero esto de lanzarte mierda es un intento de humillar muy muy desagradable\u00bb, apunta Miguel Garc\u00eda ya en la sede del local. El caso de de la sede de Ciudadanos en L\u2019Hospitalet o la del Partido Popular en Sant Cugat del Vall\u00e8s (Barcelona), ambos por la sa\u00f1a y la reiteraci\u00f3n, quiz\u00e1s sean excepcionales, pero son indicativos del momento pol\u00edtico que se vive en Catalu\u00f1a. Los partidos constitucionalistas denuncian un clima de acoso e intimidaci\u00f3n que el resto de formaciones minimiza. El relato sobre el car\u00e1cter pac\u00edfico del \u00abproc\u00e9s\u00bb est\u00e1 en juego. La \u00abnormalidad\u00bb que vende el sececionismo se traduce en \u00abescraches\u00bb a l\u00edderes en plena calle, como le sucedi\u00f3 a Xavier Garc\u00eda Albiol (PP) el 23 de abril, pintadas en domicilios particulares, como fue el caso de Salvador Illa (PSC), y decenas de ataques a sedes como los aqu\u00ed relatados. Sin bandera En Sant Cugat, una acomodada poblaci\u00f3n cercana a Barcelona donde gobierna el PDECat, el \u00fanico concejal del PP en el pleno municipal, \u00c1lvaro Benejam, lleva el recuento de los ataques: desde 2011, m\u00e1s de 30 veces han arrancado la bandera espa\u00f1ola de la sede del partido, mientras que en nueve ocasiones se han lanzado piedras o pintura contra el local. \u00abEs muy lamentable, pero se llega a normalizar lo que deber\u00eda ser excepcional\u00bb, apunta Benejam. El \u00faltimo ataque sufrido ayuda a entender esta institucionalizaci\u00f3n o normalizaci\u00f3n del acoso. En el pleno municipal del mes de marzo, el PP llev\u00f3 una moci\u00f3n de apoyo a la escuela diferenciada. En el pleno todo normal, pero por la noche, miembros de Arran \u2013las juventudes de la CUP\u2013 optaron por arrojar pintura lila sobre la sede popular, como si se tratase de una prolongaci\u00f3n de la discusi\u00f3n pol\u00edtica. Todo muy normal. Benejam ya se ha cansado de llevar a los plenos o a la Junta de Portavoces mociones o simples declaraciones orales de condena de los sucesivos ataques. \u00abAl final te cansas. Estamos aburridos\u00bb, apunta el edil tras denunciar que de manera sistem\u00e1tica, ERC y la CUP no quieren condenar los ataques. El PSC tambi\u00e9n es v\u00edctima de esta campa\u00f1a de intimidaci\u00f3n. Tras las pintadas en el domicilio del secretario de organizaci\u00f3n, Salvador Illa, esta semana \u2013\u00abNi olvido ni perd\u00f3n\u00bb, le amenazaron, con falta de ortograf\u00eda incluida\u2013, el PSC denunci\u00f3 que han sido m\u00e1s de 50 los incidentes \u2013pintadas, insultos a sus dirigentes&#8230;\u2013 sufridos en los \u00faltimos meses. \u00abNo nos intimidar\u00e1n. Vamos a seguir defendiendo nuestro proyecto y nuestras ideas\u00bb, defendi\u00f3 Illa. Incluso la condena a la violencia divide a los partidos. El Parlamento catal\u00e1n rechaz\u00f3 a finales del mes pasado condenar \u00ablos actos violentos\u00bb, ataques a sedes y acoso a pol\u00edticos, en una moci\u00f3n del grupo PSC-Units. La propuesta fue rechazada con los votos de JpC, ERC y la CUP, que se impusieron a los votos a favor de Cs, el PSC, el PP y los comunes. Relaciones afectadas En L\u2019Hospitalet, Miguel Garc\u00eda, apunta en la misma direcci\u00f3n que denunciaba Illa. \u00abEs inc\u00f3modo, molesto, pero dar un paso atr\u00e1s ser\u00eda darles la raz\u00f3n\u00bb, apunta el l\u00edder de Cs en este municipio. Y la situaci\u00f3n, al final, acaba por afectar a las relaciones personales, a\u00f1ade Garc\u00eda. \u00abS\u00ed, se resienten las relaciones. Quien diga lo contrario miente\u00bb, apunta el concejal, que echa en falta m\u00e1s solidaridad del resto de grupos municipales. En algunos casos, m\u00e1s que solidaridad, reclama un m\u00ednimo de compostura y un trato civilizado; con uno de los concejales de ERC en el municipio, el insulto es la norma. \u00abEsto puede acabar como en el Pa\u00eds Vasco\u00bb, zanja mientras recuerda que en su caso, hablar de violencia no es una exageraci\u00f3n. Corr\u00eda el 13 de noviembre de 2016 cuando Garc\u00eda fue agredido mientras repart\u00eda propaganda del partido: morat\u00f3n en la cara, gafas rotas y una lesi\u00f3n de ligamentos. \u00abPor favor, que no me hablen de que no hay violencia\u00bb, denuncia Mar\u00edn mientras echa abajo la persiana del local. El olor es demasiado fuerte como para seguir ah\u00ed mucho rato. Es la normalidad que algunos defienden para Catalu\u00f1a.<br \/>\nVia: <a href=\"http:\/\/www.abc.es\/espana\/abci-cuando-acoso-convierte-rutina-201804292108_noticia.html\" target=\"_blank\">Cuando el acoso se vuelve rutina<\/a><\/p>\n","protected":false},"excerpt":{"rendered":"<p>\u00abLa entrevista mejor la hacemos en el despacho del grupo en el Ayuntamiento, en la sede del partido no se puede estar\u00bb. Miguel Garc\u00eda, portavoz de Ciudadanos en L\u2019Hospitalet de Llobregat (Barcelona), no es que sea un exagerado para salir en los medios: literalmente en la sede que tiene el [&hellip;]<\/p>\n","protected":false},"author":2,"featured_media":39158,"comment_status":"open","ping_status":"closed","sticky":false,"template":"","format":"standard","meta":{"footnotes":""},"categories":[6],"tags":[],"class_list":["post-39157","post","type-post","status-publish","format-standard","has-post-thumbnail","hentry","category-spanish"],"_links":{"self":[{"href":"https:\/\/theworldwidejournal.com\/index.php?rest_route=\/wp\/v2\/posts\/39157","targetHints":{"allow":["GET"]}}],"collection":[{"href":"https:\/\/theworldwidejournal.com\/index.php?rest_route=\/wp\/v2\/posts"}],"about":[{"href":"https:\/\/theworldwidejournal.com\/index.php?rest_route=\/wp\/v2\/types\/post"}],"author":[{"embeddable":true,"href":"https:\/\/theworldwidejournal.com\/index.php?rest_route=\/wp\/v2\/users\/2"}],"replies":[{"embeddable":true,"href":"https:\/\/theworldwidejournal.com\/index.php?rest_route=%2Fwp%2Fv2%2Fcomments&post=39157"}],"version-history":[{"count":0,"href":"https:\/\/theworldwidejournal.com\/index.php?rest_route=\/wp\/v2\/posts\/39157\/revisions"}],"wp:featuredmedia":[{"embeddable":true,"href":"https:\/\/theworldwidejournal.com\/index.php?rest_route=\/wp\/v2\/media\/39158"}],"wp:attachment":[{"href":"https:\/\/theworldwidejournal.com\/index.php?rest_route=%2Fwp%2Fv2%2Fmedia&parent=39157"}],"wp:term":[{"taxonomy":"category","embeddable":true,"href":"https:\/\/theworldwidejournal.com\/index.php?rest_route=%2Fwp%2Fv2%2Fcategories&post=39157"},{"taxonomy":"post_tag","embeddable":true,"href":"https:\/\/theworldwidejournal.com\/index.php?rest_route=%2Fwp%2Fv2%2Ftags&post=39157"}],"curies":[{"name":"wp","href":"https:\/\/api.w.org\/{rel}","templated":true}]}}