{"id":39159,"date":"1970-01-01T01:00:00","date_gmt":"1970-01-01T00:00:00","guid":{"rendered":"https:\/\/theworldwidejournal.com\/1970\/01\/01\/los-sindicatos-no-pueden-sustituir-en-cataluna-lo-que-hace-la-politica\/"},"modified":"1970-01-01T01:00:00","modified_gmt":"1970-01-01T00:00:00","slug":"los-sindicatos-no-pueden-sustituir-en-cataluna-lo-que-hace-la-politica","status":"publish","type":"post","link":"https:\/\/theworldwidejournal.com\/?p=39159","title":{"rendered":"\u00abLos sindicatos no pueden sustituir en Catalu\u00f1a lo que hace la pol\u00edtica\u00bb"},"content":{"rendered":"<p>A punto de cumplir un a\u00f1o al frente de CC.OO., Unai Sordo, de 45 a\u00f1os, ha sido el segundo secretario general m\u00e1s joven que ha tenido este sindicato, tras Antonio Guti\u00e9rrez. En esta entrevista, en v\u00edsperas del 1 de mayo, repasa sus objetivos prioritarios: que los salarios recuperen poder adquisitivo, que se garantice el sistema p\u00fablico de pensiones y que mejorer la calidad del empleo. \u2013\u00bfQu\u00e9 poso le ha quedado tras la manifestaci\u00f3n independentista de Barcelona convocada por CC.OO. y UGT? \u2013 Si el sindicalismo puede jugar en Catalu\u00f1a un papel de vetebraci\u00f3n de una sociedad que se ha polarizado en exceso y se ha fragmentado de alguna manera, y si es capaz de reconducir esta situaci\u00f3n, vale la pena intentarlo. Sabiendo que lo que el sindicalismo y otros movimientos sociales puede hacer en Catalu\u00f1a en ning\u00fan caso puede sustituir lo que tiene que hacer la pol\u00edtica. Esta es la clave, que los partidos pol\u00edticos se pongan de acuerdo para salir de la din\u00e1mica del proc\u00e9s y se metan en otra de negociaci\u00f3n y colaboraci\u00f3n pol\u00edtica. Esto requiere de un gobierno de la Generalitat y que se retire el art\u00edculo 155. Hay que abrir una negociaci\u00f3n, primero entre los partidos catalanes y, despu\u00e9s, con el Gobierno de Rajoy. No va a ser nada sencilla, pero me parece fundamental. La intenci\u00f3n del sindicato es favorecer este nuevo escenario y, en la medida en que somos la mayor organizaci\u00f3n social en Catalu\u00f1a, donde tenemos 140.000 afiliados, y representamos la diversidad de la sociedad catalana, podemos colaborar en tender puentes. \u2013\u00bfDirigentes del sindicato del resto de Espa\u00f1a le han mostrado su malestar por el protagonismo de CC.OO. en la manifestaci\u00f3n? \u2013Hablamos habitualmente, tenemos grupos de WhatsApp. Claro que hablamos de ese tema, es una cuesti\u00f3n muy sensible que genera dudas y puntos de vista matizados. Esto no lo ve todo el mundo igual en el resto del pa\u00eds. Con matices y hablando las cosas, creo que hemos hecho una resoluci\u00f3n muy equilibrada que deja las cosas claras, que habla de lo compatible que es el respeto a la actuaci\u00f3n de la justicia y, al mismo tiempo, considerar que ha habido excesos judiciales con la tipificaci\u00f3n de algunos delitos y la utilizaci\u00f3n de la prisi\u00f3n preventiva. Esa resoluci\u00f3n, conjunta con UGT, fue aprobada por el consejo confederal donde est\u00e1n representadas todas las federaciones auton\u00f3micas. \u2013El presidente de CEOE ha criticado duramente el papel de los sindicatos en la negociaci\u00f3n colectiva. \u2013CEOE est\u00e1 tratando de ocultar su incapacidad para concretar en propuestas lo que creo que es un an\u00e1lisis no solo de los sindicatos, como es una mejora generalizada de los salarios en Espa\u00f1a. Ya lo ha dicho el BCE, el FMI, la Comisi\u00f3n Europea. No solo es redistribuir la riqueza que se crea en el pa\u00eds, que crece al 2,8% desde hace cuatro a\u00f1os y produce m\u00e1s bienes y servicios que antes de 2008. Todo esto hay que concretarlo en un acuerdo salarial que mande un mensaje inequ\u00edvoco: recuperar el poder adquisitivo de los salarios, que han perdido un 7% entre 2008 y 2015. Y como CEOE no se atreve a reflejar esto en una propuesta, lo que hace es tirar al contrario, acus\u00e1ndonos de una posici\u00f3n r\u00edgida que en ning\u00fan momento comparto. En la propuesta que hemos hecho de forma conjunta CC.OO. y UGT hacemos una referencia expl\u00edcita a que una parte de la subida se ligue a la productividad de las empresas y sectores, que ha sido una demanda hist\u00f3rica de la CEOE. Ahora resulta que no se ve con buenos ojos y hablan del absentismo y otras cuestiones. CEOE est\u00e1 haciendo regates en corto y juego de trileros. M\u00e1s all\u00e1 de su discurso, la cuesti\u00f3n de fondo es hacer un llamamiento a la corresponsabilidad de CEOE con la situaci\u00f3n del pa\u00eds. \u2013\u00bfEs posible un acuerdo o se repetir\u00e1 el fracaso del verano pasado? \u2013S\u00ed que es posible, desde estos par\u00e1metros de recuperaci\u00f3n de poder de compra y que tiene que llevar un anexo, una mejora especial de los salarios m\u00e1s bajos. La devaluaci\u00f3n se ha cebado con el 20% de las personas que menos cobran. El acuerdo en el que dimos un empuj\u00f3n al salario m\u00ednimo interprofesional hasta los 850 euros tiene que tener una corresponsabilidad en los convenios colectivos con salarios m\u00ednimos de 1.000 euros y un incremento mayor de los salarios m\u00e1s bajos. \u2013El acuerdo del Gobierno con el PNV para ligar la subida de las pensiones al IPC est\u00e1 respaldando su petici\u00f3n de que la revisi\u00f3n salarial incluya una cl\u00e1usula ligada a la inflaci\u00f3n. \u2013Se demuestra que lo que un d\u00eda aparentemente es imposible, de repente, cuando el Gobierno tiene un apret\u00f3n pol\u00edtico, aparece otra vez en el escenario. No obstante, el acuerdo nos parece insuficiente porque no resuelve el problema de fondo, que es mejorar la estructura de ingresos y eliminar la reforma de 2013. Es un acuerdo que da una patada a seguir durante dos a\u00f1os para salvar una conyuntura pol\u00edtica. \u2013\u00bfSe sienten ninguneados por el Gobierno tras ese acuerdo con el PNV sobre las pensiones? \u2013Nadie en este pa\u00eds puede negar que el movimiento del Gobierno e incluso del PNV en materia de pensiones tiene que ver con el intenso proceso de movilizaciones que ha habido. Y seguramente no es casualidad que esas movilizaciones hayan sido especialmente intensas en el Pa\u00eds Vasco. Claro que el acuerdo es una respuesta a una movilizaci\u00f3n potente de los sindicatos. No se trata de sentirse ninguneados o de celos, esto va de que hay que asumir con sentido de Estado la importancia de recuperar un pacto de Estado en torno a las pensiones. El problema es que una vez m\u00e1s, se han llevado unas medidas tan sensibles y estrat\u00e9gicas a los elementos de coyuntura pol\u00edtica y de negociaci\u00f3n con quien aritm\u00e9ticamente da una mayor\u00eda para sacar adelante los Presupuestos. Para nada demonizo el acuerdo con el PNV, esa no es la cuesti\u00f3n; el problema de fondo es volver a recuperar un consenso de Estado para garantizar la suficiencia del&hellip;<br \/>\nVia: <a href=\"http:\/\/www.abc.es\/economia\/abci-sindicatos-no-pueden-sustituir-cataluna-hace-politica-201804291851_noticia.html\" target=\"_blank\">\u00abLos sindicatos no pueden sustituir en Catalu\u00f1a lo que hace la pol\u00edtica\u00bb<\/a><\/p>\n","protected":false},"excerpt":{"rendered":"<p>A punto de cumplir un a\u00f1o al frente de CC.OO., Unai Sordo, de 45 a\u00f1os, ha sido el segundo secretario general m\u00e1s joven que ha tenido este sindicato, tras Antonio Guti\u00e9rrez. En esta entrevista, en v\u00edsperas del 1 de mayo, repasa sus objetivos prioritarios: que los salarios recuperen poder adquisitivo, [&hellip;]<\/p>\n","protected":false},"author":2,"featured_media":39160,"comment_status":"open","ping_status":"closed","sticky":false,"template":"","format":"standard","meta":{"footnotes":""},"categories":[6],"tags":[],"class_list":["post-39159","post","type-post","status-publish","format-standard","has-post-thumbnail","hentry","category-spanish"],"_links":{"self":[{"href":"https:\/\/theworldwidejournal.com\/index.php?rest_route=\/wp\/v2\/posts\/39159","targetHints":{"allow":["GET"]}}],"collection":[{"href":"https:\/\/theworldwidejournal.com\/index.php?rest_route=\/wp\/v2\/posts"}],"about":[{"href":"https:\/\/theworldwidejournal.com\/index.php?rest_route=\/wp\/v2\/types\/post"}],"author":[{"embeddable":true,"href":"https:\/\/theworldwidejournal.com\/index.php?rest_route=\/wp\/v2\/users\/2"}],"replies":[{"embeddable":true,"href":"https:\/\/theworldwidejournal.com\/index.php?rest_route=%2Fwp%2Fv2%2Fcomments&post=39159"}],"version-history":[{"count":0,"href":"https:\/\/theworldwidejournal.com\/index.php?rest_route=\/wp\/v2\/posts\/39159\/revisions"}],"wp:featuredmedia":[{"embeddable":true,"href":"https:\/\/theworldwidejournal.com\/index.php?rest_route=\/wp\/v2\/media\/39160"}],"wp:attachment":[{"href":"https:\/\/theworldwidejournal.com\/index.php?rest_route=%2Fwp%2Fv2%2Fmedia&parent=39159"}],"wp:term":[{"taxonomy":"category","embeddable":true,"href":"https:\/\/theworldwidejournal.com\/index.php?rest_route=%2Fwp%2Fv2%2Fcategories&post=39159"},{"taxonomy":"post_tag","embeddable":true,"href":"https:\/\/theworldwidejournal.com\/index.php?rest_route=%2Fwp%2Fv2%2Ftags&post=39159"}],"curies":[{"name":"wp","href":"https:\/\/api.w.org\/{rel}","templated":true}]}}