{"id":52153,"date":"1970-01-01T01:00:00","date_gmt":"1970-01-01T00:00:00","guid":{"rendered":"https:\/\/theworldwidejournal.com\/1970\/01\/01\/sanchez-busca-ganar-tiempo-en-su-plan-en-cataluna-sin-acuerdos-concretos\/"},"modified":"1970-01-01T01:00:00","modified_gmt":"1970-01-01T00:00:00","slug":"sanchez-busca-ganar-tiempo-en-su-plan-en-cataluna-sin-acuerdos-concretos","status":"publish","type":"post","link":"https:\/\/theworldwidejournal.com\/?p=52153","title":{"rendered":"S\u00e1nchez busca ganar tiempo en su plan en Catalu\u00f1a sin acuerdos concretos"},"content":{"rendered":"<p>Sin grandes expectativas por ninguna de las partes, m\u00e1s all\u00e1 de no romper la baraja antes de empezar la partida. En ese marco se desarrollar\u00e1 hoy en Barcelona la primera reuni\u00f3n de la Comisi\u00f3n Bilateral Estado-Generalitat, que no se celebraba desde el a\u00f1o 2011. Pedro S\u00e1nchez insiste en su pol\u00edtica de distensi\u00f3n con las autoridades auton\u00f3micas catalanas pese a que desde el otro lado escasea la reciprocidad. Tras las palabras de Carles Puigdemont el pasado fin de semana, en las que instaba al presidente del Gobierno a \u00abhacer los deberes\u00bb y pasar \u00abde las palabras a los hechos\u00bb, en el Gobierno se preparan para una m\u00e1s que probable escalada del conflicto en oto\u00f1o, con motivo del aniversario del 1 de octubre y el juicio del proceso independentista ilegal que se espera para finales de a\u00f1o. Pero, por el momento, el Gobierno quiere mantener el tono y su estrategia, como parte fundamental para construir su relato pol\u00edtico. Cuando haya que ir a elecciones S\u00e1nchez quiere hacerlo pudiendo presentar como aval al menos haberlo intentado. Como en todos los contactos previos de las \u00faltimas semanas salir de la reuni\u00f3n con las relaciones abiertas ya ser\u00e1 considerado un \u00e9xito. Desde el Gobierno no se esperan grandes acuerdos en esta primera reuni\u00f3n, pero la vicepresidenta del Gobierno, Carmen Calvo, valor\u00f3 ayer como un paso adelante \u00abque nos sentemos en un mismo sitio y hablemos\u00bb. La n\u00famero dos de S\u00e1nchez destac\u00f3 que la reuni\u00f3n supone volver a \u00abuna situaci\u00f3n de la que nunca deber\u00edamos haber salido\u00bb, y que \u00abse tiene que valorar\u00bb que se revise que \u00abun hecho normal que se hab\u00eda convertido en anormal\u00bb. Durante d\u00edas las partes se fajaron en la elaboraci\u00f3n de un orden del d\u00eda para esta primera reuni\u00f3n. Ambos ejecutivos cedieron en parte, aunque ha sido S\u00e1nchez quien m\u00e1s se ha dejado por el camino. Mientras la Generalitat de Catalu\u00f1a insiste en hablar de la situaci\u00f3n de los presos preventivos y de un refer\u00e9ndum de secesi\u00f3n, la gran aspiraci\u00f3n del Gobierno es que el gobierno catal\u00e1n vuelva a los \u00f3rganos de cooperaci\u00f3n multilaterales. Dos puntos clave El orden del d\u00eda pactado es mucho m\u00e1s sutil, y deja claro que son \u00abconsideraciones\u00bb de cada una de las partes. No habr\u00e1 ning\u00fan avance al respecto. En una muestra de que ambos gobiernos necesitan tiempo, por el momento se contentan con \u00abhablar\u00bb, aunque no haya entendimiento a la vista. Entre los 13 puntos del orden del d\u00eda hay dos puntos clave. Seg\u00fan se explica desde el departamento de Batet, es en el punto 6 del orden del d\u00eda donde se accede a una demanda que hac\u00eda el consejero de Acci\u00f3n Exterior, Ernest Maragall. Ese punto hace referencia a las consideraciones de la Generalitat sobre la situaci\u00f3n pol\u00edtica en Catalu\u00f1a. Y se divide en dos subapartados; la primera referida a \u00abderechos y libertades\u00bb, donde los independentistas insistir\u00e1n en la libertad de los presos preventivos. El segundo apartado de ese punto se referir\u00e1 a las \u00abv\u00edas de participaci\u00f3n democr\u00e1tica de los ciudadanos catalanes en las decisiones sobre su futuro pol\u00edtico\u00bb. Sobre este \u00faltimo apartado el Gobierno se\u00f1ala que la redacci\u00f3n es \u00absuficientemente amplia\u00bb como para que cada parte haga su interpretaci\u00f3n. Desde el Ministerio de Batet son claros: \u00abEste punto se incluye a petici\u00f3n de la Generalitat, pero eso no significa abordar ninguna negociaci\u00f3n. Y aqu\u00ed se les dir\u00e1 cu\u00e1l es la posici\u00f3n del Estado, y es que no se va a negociar el derecho a decidir\u00bb. El punto 7, en cambio, es una demanda del Gobierno de Espa\u00f1a, que har\u00e1 las \u00abconsideraciones del Estado en relaci\u00f3n con la participaci\u00f3n de la Generalitat en los \u00f3rganos multilaterales de cooperaci\u00f3n y coordinaci\u00f3n\u00bb. Lo que pretende el Gobierno es que el gobierno catal\u00e1n corresponda a la pol\u00edtica de distensi\u00f3n volviendo al Consejo de Pol\u00edtica Fiscal y Financiera para negociar el nuevo modelo de financiaci\u00f3n auton\u00f3mica. Algo que ayer la Generalitat volvi\u00f3 a incumplir. Esa es la aspiraci\u00f3n del Gobierno y que eso se extienda tambi\u00e9n a una futura conferencia de presidentes auton\u00f3micos que el Ejecutivo de S\u00e1nchez planea convocar despu\u00e9s del verano. La vicepresidenta celebr\u00f3 ayer en cambio que la Generalitat estuviera representada en la reuni\u00f3n de la conferencia sectorial de igualdad. Estuvo representada por la secretaria general de presidencia, pero Calvo explic\u00f3 que la consejera Elsa Artadi la llam\u00f3 personalmente para excusar su presencia porque ten\u00eda reuni\u00f3n del Govern. Pero esa aspiraci\u00f3n del Gobierno est\u00e1 muy lejos de cumplirse, ya que el nacionalismo insiste en mantener una relaci\u00f3n bilateral. El Gobierno quiere reducir la conflictividad y retirar\u00e1 los vetos sobre las leyes \u00abde car\u00e1cter social\u00bb En el punto 5 del orden del d\u00eda -\u00aban\u00e1lisis e intercambio de informaci\u00f3n sobre la conflictividad competencial planteada por el Tribunal Constitucional\u00bb- el Gobierno s\u00ed espera alg\u00fan avance. Se trata de las 16 impugnaciones en total del Gobierno de Espa\u00f1a ante el Tribunal Constitucional contra otras tantas leyes auton\u00f3micas catalanas. El Gobierno quiere reducir la conflictividad y retirar\u00e1 los vetos sobre las leyes \u00abde car\u00e1cter social\u00bb que se hayan visto afectadas. Desde el departamento de Batet no aseguran que ma\u00f1ana haya decisi\u00f3n definitiva sobre estos temas. \u00abEs complicado que haya acuerdos concretos, se empezar\u00e1 a trabajar. Se trata de recuperar un di\u00e1logo leal que no ha habido\u00bb, aseguran como filosof\u00eda general. La intenci\u00f3n del Gobierno es poder ya alcanzar alg\u00fan acuerdo en la siguiente cita, que se espera a partir de octubre y que se celebrar\u00e1 en Madrid. Lo que Batet quiere es poder salir hoy, tras la reuni\u00f3n, diciendo que el encuentro ha servido para que empiecen a trabajar las tres comisiones que se desarrollan por debajo: la mixta de Asuntos Econ\u00f3micos y Fiscales, la de Infraestructuras y la de Transferencias Estado-Generalitat. \u00abPriorizar un calendario\u00bb En una l\u00ednea similar, desde la Generalitat tampoco han querido crear muchas expectativas a una reuni\u00f3n cuyo objetivo creen debe \u00abpriorizar un calendario\u00bb para futuros encuentros t\u00e9cnicos y, sobre todo, pol\u00edticos. Artadi, tras la reuni\u00f3n semanal del gobierno catal\u00e1n, indic\u00f3 este martes que no esperaba cerrar acuerdos concretos hoy, si bien s\u00ed un primer listado&hellip;<br \/>\nVia: <a href=\"https:\/\/www.abc.es\/espana\/abci-sanchez-busca-ganar-tiempo-plan-cataluna-sin-acuerdos-concretos-201808010251_noticia.html\" target=\"_blank\">S\u00e1nchez busca ganar tiempo en su plan en Catalu\u00f1a sin acuerdos concretos<\/a><\/p>\n","protected":false},"excerpt":{"rendered":"<p>Sin grandes expectativas por ninguna de las partes, m\u00e1s all\u00e1 de no romper la baraja antes de empezar la partida. En ese marco se desarrollar\u00e1 hoy en Barcelona la primera reuni\u00f3n de la Comisi\u00f3n Bilateral Estado-Generalitat, que no se celebraba desde el a\u00f1o 2011. Pedro S\u00e1nchez insiste en su pol\u00edtica [&hellip;]<\/p>\n","protected":false},"author":2,"featured_media":52154,"comment_status":"open","ping_status":"closed","sticky":false,"template":"","format":"standard","meta":{"footnotes":""},"categories":[6],"tags":[],"class_list":["post-52153","post","type-post","status-publish","format-standard","has-post-thumbnail","hentry","category-spanish"],"_links":{"self":[{"href":"https:\/\/theworldwidejournal.com\/index.php?rest_route=\/wp\/v2\/posts\/52153","targetHints":{"allow":["GET"]}}],"collection":[{"href":"https:\/\/theworldwidejournal.com\/index.php?rest_route=\/wp\/v2\/posts"}],"about":[{"href":"https:\/\/theworldwidejournal.com\/index.php?rest_route=\/wp\/v2\/types\/post"}],"author":[{"embeddable":true,"href":"https:\/\/theworldwidejournal.com\/index.php?rest_route=\/wp\/v2\/users\/2"}],"replies":[{"embeddable":true,"href":"https:\/\/theworldwidejournal.com\/index.php?rest_route=%2Fwp%2Fv2%2Fcomments&post=52153"}],"version-history":[{"count":0,"href":"https:\/\/theworldwidejournal.com\/index.php?rest_route=\/wp\/v2\/posts\/52153\/revisions"}],"wp:featuredmedia":[{"embeddable":true,"href":"https:\/\/theworldwidejournal.com\/index.php?rest_route=\/wp\/v2\/media\/52154"}],"wp:attachment":[{"href":"https:\/\/theworldwidejournal.com\/index.php?rest_route=%2Fwp%2Fv2%2Fmedia&parent=52153"}],"wp:term":[{"taxonomy":"category","embeddable":true,"href":"https:\/\/theworldwidejournal.com\/index.php?rest_route=%2Fwp%2Fv2%2Fcategories&post=52153"},{"taxonomy":"post_tag","embeddable":true,"href":"https:\/\/theworldwidejournal.com\/index.php?rest_route=%2Fwp%2Fv2%2Ftags&post=52153"}],"curies":[{"name":"wp","href":"https:\/\/api.w.org\/{rel}","templated":true}]}}