{"id":52219,"date":"1970-01-01T01:00:00","date_gmt":"1970-01-01T00:00:00","guid":{"rendered":"https:\/\/theworldwidejournal.com\/1970\/01\/01\/los-particulares-huyen-del-diesel-tras-los-ataques-politicos-a-este-combustible\/"},"modified":"1970-01-01T01:00:00","modified_gmt":"1970-01-01T00:00:00","slug":"los-particulares-huyen-del-diesel-tras-los-ataques-politicos-a-este-combustible","status":"publish","type":"post","link":"https:\/\/theworldwidejournal.com\/?p=52219","title":{"rendered":"Los particulares huyen del di\u00e9sel tras los ataques pol\u00edticos a este combustible"},"content":{"rendered":"<p>Los ataques pol\u00edticos est\u00e1n dando la puntilla al di\u00e9sel. En el mes de julio la venta a particulares de los veh\u00edculos de gas\u00f3leo retrocedi\u00f3 un 31%, y ya solo supone el 20% de las ventas de este canal de comercializaci\u00f3n, seg\u00fan datos de las patronales Anfac, Ganvam y Faconauto. Un descenso que supera incluso sus previsiones, y que se ha visto acentuado en los \u00faltimos meses por declaraciones como las de la ministra de Transici\u00f3n Ecol\u00f3gica, Teresa Ribera, que a mediados de julio dio por finiquitado a este combustible al asegurar que \u00abtiene los d\u00edas contados\u00bb. Las declaraciones de Ribera no sentaron nada bien en el sector, que constata ahora que tuvieron un impacto directo en las ventas. \u00abA corto plazo se han suspendido pedidos de di\u00e9sel, sustituido por compras de veh\u00edculos de gasolina\u00bb, explica Ra\u00fal Morales, de Faconauto, que tambi\u00e9n asegura que los concesionarios han detectado \u00abuna mayor inquietud\u00bb por parte de los compradores. Aunque el descenso es menos acusado en otros canales, como el de empresas y el de alquiladoras o \u00abrent-a-car\u00bb, tambi\u00e9n se est\u00e1 notando una cierta desaceleraci\u00f3n. \u00abEst\u00e1 claro que el clima creado en el \u00faltimo mes ha tenido un impacto inmediato y muy negativo en la percepci\u00f3n que tiene el comprador\u00bb, aseguran desde Faconauto. Por su parte, desde Anfac, la patronal de los fabricantes de veh\u00edculos, encuadran las declaraciones de Ribera como \u00abunas m\u00e1s del conjunto de manifestaciones de distintos organismos p\u00fablicos\u00bb, si bien reconocen que fueron \u00abespecialmente llamativas\u00bb. \u00abTambi\u00e9n influye las pol\u00edticas de los Ayuntamientos, que no son homog\u00e9neas. Es un poco de aqu\u00ed, otro poco de all\u00e1\u2026 provocan mucha incertidumbre\u00bb, asegura Noem\u00ed Navas. El descenso de las ventas de veh\u00edculos di\u00e9sel es evidente desde 2010, cuando el 71% de los veh\u00edculos nuevos eran de gas\u00f3leo, y se acentu\u00f3 a partir de 2015, cuando estall\u00f3 el esc\u00e1ndalo de trucaje de emisiones Dieselgate. Los redoblados ataques pol\u00edticos a este combustible en los \u00faltimos meses no han hecho sino acelerar la tendencia en los \u00faltimos meses. En enero de este a\u00f1o supon\u00eda \u00fanicamente el 41,8% del total de nuevas matriculaciones, mientras que en julio la cifra es todav\u00eda inferior: un 36,0%. El descenso de este combustible contrasta con el buen tono general de las matriculaciones del mes pasado, cuando las ventas se incrementaron un 19,3%, hasta las 131.176 unidades. Una marcha que las patronales atribuyen a que este mes tuvo un d\u00eda laborable m\u00e1s, y al buen desempe\u00f1o de la econom\u00eda, \u00abque permiten mantener el tono positivo de la demanda en un mes tradicionalmente fuerte para las matriculaciones\u00bb. \u00abLa mejor\u00eda de la confianza de los consumidores se refleja especialmente en el crecimiento a doble d\u00edgito del canal de particulares\u00bb, explican en un comunicado. Alza en todos los canales Desde enero, el crecimiento acumulado del mercado es del 11,4%, hasta las 865.845 unidades, con crecimientos de doble d\u00edgito en todos los canales. Este alza se mantuvo en julio, cuando el canal de particulares matricul\u00f3 66.614 veh\u00edculos, un 10,5% m\u00e1s. Entre enero y julio, este canal registr\u00f3 403.677 ventas, un 9,5% m\u00e1s que en el mismo per\u00edodo del a\u00f1o anterior. Por su parte, el canal de empresas cerr\u00f3 el mes con 44.046 comercializaciones, un 25,5% m\u00e1s, y las alquiladoras registran un incremento del 8%, hasta las 206.727 unidades, menos que el canal de empresas.<br \/>\nVia: <a href=\"https:\/\/www.abc.es\/motor\/economia\/abci-matriculaciones-turismos-y-todoterrenos-suben-193-por-ciento-julio-201808011130_noticia.html\" target=\"_blank\">Los particulares huyen del di\u00e9sel tras los ataques pol\u00edticos a este combustible<\/a><\/p>\n","protected":false},"excerpt":{"rendered":"<p>Los ataques pol\u00edticos est\u00e1n dando la puntilla al di\u00e9sel. En el mes de julio la venta a particulares de los veh\u00edculos de gas\u00f3leo retrocedi\u00f3 un 31%, y ya solo supone el 20% de las ventas de este canal de comercializaci\u00f3n, seg\u00fan datos de las patronales Anfac, Ganvam y Faconauto. Un [&hellip;]<\/p>\n","protected":false},"author":2,"featured_media":52220,"comment_status":"open","ping_status":"closed","sticky":false,"template":"","format":"standard","meta":{"footnotes":""},"categories":[6],"tags":[],"class_list":["post-52219","post","type-post","status-publish","format-standard","has-post-thumbnail","hentry","category-spanish"],"_links":{"self":[{"href":"https:\/\/theworldwidejournal.com\/index.php?rest_route=\/wp\/v2\/posts\/52219","targetHints":{"allow":["GET"]}}],"collection":[{"href":"https:\/\/theworldwidejournal.com\/index.php?rest_route=\/wp\/v2\/posts"}],"about":[{"href":"https:\/\/theworldwidejournal.com\/index.php?rest_route=\/wp\/v2\/types\/post"}],"author":[{"embeddable":true,"href":"https:\/\/theworldwidejournal.com\/index.php?rest_route=\/wp\/v2\/users\/2"}],"replies":[{"embeddable":true,"href":"https:\/\/theworldwidejournal.com\/index.php?rest_route=%2Fwp%2Fv2%2Fcomments&post=52219"}],"version-history":[{"count":0,"href":"https:\/\/theworldwidejournal.com\/index.php?rest_route=\/wp\/v2\/posts\/52219\/revisions"}],"wp:featuredmedia":[{"embeddable":true,"href":"https:\/\/theworldwidejournal.com\/index.php?rest_route=\/wp\/v2\/media\/52220"}],"wp:attachment":[{"href":"https:\/\/theworldwidejournal.com\/index.php?rest_route=%2Fwp%2Fv2%2Fmedia&parent=52219"}],"wp:term":[{"taxonomy":"category","embeddable":true,"href":"https:\/\/theworldwidejournal.com\/index.php?rest_route=%2Fwp%2Fv2%2Fcategories&post=52219"},{"taxonomy":"post_tag","embeddable":true,"href":"https:\/\/theworldwidejournal.com\/index.php?rest_route=%2Fwp%2Fv2%2Ftags&post=52219"}],"curies":[{"name":"wp","href":"https:\/\/api.w.org\/{rel}","templated":true}]}}