{"id":52224,"date":"1970-01-01T01:00:00","date_gmt":"1970-01-01T00:00:00","guid":{"rendered":"https:\/\/theworldwidejournal.com\/1970\/01\/01\/torra-caldea-la-reunion-bilateral-gobierno-generalitat-felipe-vi-ya-no-es-el-rey-de-los-catalanes\/"},"modified":"1970-01-01T01:00:00","modified_gmt":"1970-01-01T00:00:00","slug":"torra-caldea-la-reunion-bilateral-gobierno-generalitat-felipe-vi-ya-no-es-el-rey-de-los-catalanes","status":"publish","type":"post","link":"https:\/\/theworldwidejournal.com\/?p=52224","title":{"rendered":"Torra caldea la reuni\u00f3n bilateral Gobierno-Generalitat: \u00abFelipe VI ya no es el Rey de los catalanes\u00bb"},"content":{"rendered":"<p>El presidente de la Generalitat, Quim Torra, afirm\u00f3 ayer que Don Felipe \u00abya no es el Rey de los catalanes\u00bb, sin embargo, se\u00f1al\u00f3 que \u00abnunca es tarde para pedir perd\u00f3n\u00bb e invit\u00f3 al Jefe del Estado a visitar Barcelona y reunirse con \u00e9l. \u00abSi viniera al Palau de la Generalitat los recibir\u00edamos con mucho gusto\u00bb, resalto antes de advertir que la situaci\u00f3n pol\u00edtica en Catalu\u00f1a es \u00abgrav\u00edsima\u00bb. \u00abNosotros tenemos muy claro cu\u00e1l es nuestra posici\u00f3n respecto al Rey de Espa\u00f1a, al que no pensamos invitar a ninguno de los actos que organicemos. Tampoco pensamos asistir a ninguno de los actos a los que la Casa Real nos quiera convocar\u00bb, agreg\u00f3 en una entrevista con la agencia de noticias catalana ACN. .@QuimTorraiPla a Felip VI: &quot;Mai no \u00e9s tard per demanar perd\u00f3; per\u00f2 ja no \u00e9s el rei dels catalans&quot; #ACNinforma pic.twitter.com\/jg753K3R6z&mdash; ACN (@agenciaacn) 31 de juliol de 2018 Torra ha alertado en varias ocasiones que los acontecimientos pol\u00edticos vividos en Catalu\u00f1a en los \u00faltimos tiempos precipitaron una actuaci\u00f3n del Monarca que considera irreversible. No obstante, ayer se ofreci\u00f3 a relatarle a Don Felipe la situaci\u00f3n que se vive en la comunidad. \u00abHay presos pol\u00edticos, exiliados, miles de procesados y el derecho a la autodeterminaci\u00f3n est\u00e1 criminalizado\u00bb, apunt\u00f3. \u00abNuestra posici\u00f3n es clara\u00bb Finalmente, el m\u00e1ximo responsable del Ejecutivo auton\u00f3mico se refiri\u00f3 a la supuesta oferta de di\u00e1logo expresada por el Rey durante su reuni\u00f3n con el presidente del parlamento balear, Baltasar Picornell. Aunque esta fue desmentida posteriormente -el Monarca no tiene competencias en ese \u00e1mbito-, Torra aprovech\u00f3 para mostrar su escepticismo sobre el papel mediador de la Corona. \u00abVeremos en que acaba concretando, pero tenemos muy clara nuestra posici\u00f3n sobre el Rey\u00bb.<br \/>\nVia: <a href=\"https:\/\/www.abc.es\/espana\/catalunya\/politica\/abci-quim-torra-nunca-tarde-para-pedir-perdon-pero-felipe-no-catalanes-201808011013_noticia.html\" target=\"_blank\">Torra caldea la reuni\u00f3n bilateral Gobierno-Generalitat: \u00abFelipe VI ya no es el Rey de los catalanes\u00bb<\/a><\/p>\n","protected":false},"excerpt":{"rendered":"<p>El presidente de la Generalitat, Quim Torra, afirm\u00f3 ayer que Don Felipe \u00abya no es el Rey de los catalanes\u00bb, sin embargo, se\u00f1al\u00f3 que \u00abnunca es tarde para pedir perd\u00f3n\u00bb e invit\u00f3 al Jefe del Estado a visitar Barcelona y reunirse con \u00e9l. \u00abSi viniera al Palau de la Generalitat [&hellip;]<\/p>\n","protected":false},"author":2,"featured_media":52225,"comment_status":"open","ping_status":"closed","sticky":false,"template":"","format":"standard","meta":{"footnotes":""},"categories":[6],"tags":[],"class_list":["post-52224","post","type-post","status-publish","format-standard","has-post-thumbnail","hentry","category-spanish"],"_links":{"self":[{"href":"https:\/\/theworldwidejournal.com\/index.php?rest_route=\/wp\/v2\/posts\/52224","targetHints":{"allow":["GET"]}}],"collection":[{"href":"https:\/\/theworldwidejournal.com\/index.php?rest_route=\/wp\/v2\/posts"}],"about":[{"href":"https:\/\/theworldwidejournal.com\/index.php?rest_route=\/wp\/v2\/types\/post"}],"author":[{"embeddable":true,"href":"https:\/\/theworldwidejournal.com\/index.php?rest_route=\/wp\/v2\/users\/2"}],"replies":[{"embeddable":true,"href":"https:\/\/theworldwidejournal.com\/index.php?rest_route=%2Fwp%2Fv2%2Fcomments&post=52224"}],"version-history":[{"count":0,"href":"https:\/\/theworldwidejournal.com\/index.php?rest_route=\/wp\/v2\/posts\/52224\/revisions"}],"wp:featuredmedia":[{"embeddable":true,"href":"https:\/\/theworldwidejournal.com\/index.php?rest_route=\/wp\/v2\/media\/52225"}],"wp:attachment":[{"href":"https:\/\/theworldwidejournal.com\/index.php?rest_route=%2Fwp%2Fv2%2Fmedia&parent=52224"}],"wp:term":[{"taxonomy":"category","embeddable":true,"href":"https:\/\/theworldwidejournal.com\/index.php?rest_route=%2Fwp%2Fv2%2Fcategories&post=52224"},{"taxonomy":"post_tag","embeddable":true,"href":"https:\/\/theworldwidejournal.com\/index.php?rest_route=%2Fwp%2Fv2%2Ftags&post=52224"}],"curies":[{"name":"wp","href":"https:\/\/api.w.org\/{rel}","templated":true}]}}