{"id":52287,"date":"1970-01-01T01:00:00","date_gmt":"1970-01-01T00:00:00","guid":{"rendered":"https:\/\/theworldwidejournal.com\/1970\/01\/01\/el-taxi-desconvoca-las-huelgas-tras-la-reunion-de-fomento-y-las-comunidades-autonomas\/"},"modified":"1970-01-01T01:00:00","modified_gmt":"1970-01-01T00:00:00","slug":"el-taxi-desconvoca-las-huelgas-tras-la-reunion-de-fomento-y-las-comunidades-autonomas","status":"publish","type":"post","link":"https:\/\/theworldwidejournal.com\/?p=52287","title":{"rendered":"El taxi desconvoca las huelgas tras la reuni\u00f3n de Fomento y las comunidades aut\u00f3nomas"},"content":{"rendered":"<p>Los taxistas han desconvocado la huelga en toda Espa\u00f1a tras cinco d\u00edas de paros. El colapso en las calles toca a su fin despu\u00e9s de la reuni\u00f3n del Ministerio de Fomento con las comunidades aut\u00f3nomas. De esta manera, los taxistas ven cumplidas parcialmente sus peticiones de di\u00e1logo para que las autonom\u00edas (y ayuntamientos como pretenden los taxistas) tengan competencia sobre las VTC y pongan freno a las licencias. Sin embargo, desde las asociaciones se muestran cautos respecto al compromiso adquirido con Fomento. No hablan de satisfacci\u00f3n con el Gobierno, hasta el punto de se\u00f1alar que es una \u00abtregua\u00bb y que est\u00e1n listos para volver a las movilizaciones en septiembre si todo contin\u00faa como hasta ahora. Una calma tensa en el sector del taxi, que no se f\u00eda del Ejecutivo y se mantiene a la espera de que el ministro Jos\u00e9 Luis \u00c1balos cumpla su promesa de permitir legislar a las comunidades aut\u00f3nomas para limitar las VTC. Las negociaciones entre el Ministerio de Fomento y las comunidades aut\u00f3nomas se ha saldado con un acuerdo para cambiar el sistema de las licencias VTC. El Gobierno modificar\u00e1 su operativa para que sean consideradas como transporte urbano e interurbano, igual que el taxi. Las regiones, que ya tienen competencia en este tipo de transportes, podr\u00e1n legislar como quieran sobre esta materia, lo que abre la puerta a que haya 17 normas distintas en Espa\u00f1a. \u00abPor la Constituci\u00f3n les corresponde la competencia de transporte terrestre dentro del \u00e1mbito territorial de las comunidades aut\u00f3nomas por lo que no estamos traspasando ninguna competencia, sino habilitando la capacidad regulatoria a las comunidades que lo quieran regular\u00bb, ha explicado el ministro Jos\u00e9 Luis \u00c1balos. El PARO ESTA DESCONVOCADO.Madrid celebra este rotundo triunfo una vez que en nota oficial del Ministerio ha venido a decir que son las comunidades las que tiene que resolver los problemas de proporcionalidad en su territorio. #TaxiEnLucha #HuelgaTaxis pic.twitter.com\/59vRVLfJzf&mdash; \u00c9lite Taxi Madrid \ufe0f (@EliteTaxiMadrid) 1 de agosto de 2018 La modificaci\u00f3n legislativa la llevar\u00e1 a cabo el Ejecutivo este mes de septiembre con una soluci\u00f3n que no contenta ni a taxistas ni a la patronal de las VTC. El gremio del taxi ped\u00eda que las competencias fueran asumidas por el escalaf\u00f3n m\u00e1s cercano al ciudadano, es decir, el de los ayuntamientos; mientras tanto, Unauto, la organizaci\u00f3n que defiende a las empresas de alquiler de veh\u00edculos con conductor, rechazaba de plano que la potestad legislativa estuviera en manos de las comunidades aut\u00f3nomas. De momento, desde el Ministerio apuntan a que no tienen definido c\u00f3mo llevar a cabo este cambio de sistema de las licencias VTC, el cual se abordar\u00e1 por primera vez en el Consejo de Ministros de este viernes. En esa cita, adem\u00e1s, se dar\u00e1n m\u00e1s detalles mediante un informe sobre la consideraci\u00f3n de estas concesiones administrativas. La huelga llega a una tregua, el taxi de Madrid vuelve a dar servicio. #taxi #ganaremos&mdash; Federaci\u00f3n Espa\u00f1ola del Taxi (@Fedetaxi) 1 de agosto de 2018 Asimismo, \u00c1balos ha comentado que no van a \u00abdesistir\u00bb el marco regulatorio sino que solamente lo van a \u00abenriquecer\u00bb para dar una soluci\u00f3n al problema, que ya deja tras de s\u00ed cinco jornadas de huelga de taxistas. En consonancia, el objetivo de Fomento pasa por que sean las comunidades aut\u00f3nomas las que legislen sobre este asunto y, adem\u00e1s, que se busquen \u00abmedidas tendentes a conseguir los par\u00e1metros de 1\/30\u00bb, ha dicho \u00c1balos.<br \/>\nVia: <a href=\"https:\/\/www.abc.es\/economia\/abci-taxistas-barcelona-desconvocan-huelga-201808012324_noticia.html\" target=\"_blank\">El taxi desconvoca las huelgas tras la reuni\u00f3n de Fomento y las comunidades aut\u00f3nomas<\/a><\/p>\n","protected":false},"excerpt":{"rendered":"<p>Los taxistas han desconvocado la huelga en toda Espa\u00f1a tras cinco d\u00edas de paros. El colapso en las calles toca a su fin despu\u00e9s de la reuni\u00f3n del Ministerio de Fomento con las comunidades aut\u00f3nomas. De esta manera, los taxistas ven cumplidas parcialmente sus peticiones de di\u00e1logo para que las [&hellip;]<\/p>\n","protected":false},"author":2,"featured_media":52288,"comment_status":"open","ping_status":"closed","sticky":false,"template":"","format":"standard","meta":{"footnotes":""},"categories":[6],"tags":[],"class_list":["post-52287","post","type-post","status-publish","format-standard","has-post-thumbnail","hentry","category-spanish"],"_links":{"self":[{"href":"https:\/\/theworldwidejournal.com\/index.php?rest_route=\/wp\/v2\/posts\/52287","targetHints":{"allow":["GET"]}}],"collection":[{"href":"https:\/\/theworldwidejournal.com\/index.php?rest_route=\/wp\/v2\/posts"}],"about":[{"href":"https:\/\/theworldwidejournal.com\/index.php?rest_route=\/wp\/v2\/types\/post"}],"author":[{"embeddable":true,"href":"https:\/\/theworldwidejournal.com\/index.php?rest_route=\/wp\/v2\/users\/2"}],"replies":[{"embeddable":true,"href":"https:\/\/theworldwidejournal.com\/index.php?rest_route=%2Fwp%2Fv2%2Fcomments&post=52287"}],"version-history":[{"count":0,"href":"https:\/\/theworldwidejournal.com\/index.php?rest_route=\/wp\/v2\/posts\/52287\/revisions"}],"wp:featuredmedia":[{"embeddable":true,"href":"https:\/\/theworldwidejournal.com\/index.php?rest_route=\/wp\/v2\/media\/52288"}],"wp:attachment":[{"href":"https:\/\/theworldwidejournal.com\/index.php?rest_route=%2Fwp%2Fv2%2Fmedia&parent=52287"}],"wp:term":[{"taxonomy":"category","embeddable":true,"href":"https:\/\/theworldwidejournal.com\/index.php?rest_route=%2Fwp%2Fv2%2Fcategories&post=52287"},{"taxonomy":"post_tag","embeddable":true,"href":"https:\/\/theworldwidejournal.com\/index.php?rest_route=%2Fwp%2Fv2%2Ftags&post=52287"}],"curies":[{"name":"wp","href":"https:\/\/api.w.org\/{rel}","templated":true}]}}