{"id":52289,"date":"1970-01-01T01:00:00","date_gmt":"1970-01-01T00:00:00","guid":{"rendered":"https:\/\/theworldwidejournal.com\/1970\/01\/01\/el-gobierno-atendera-mas-inversiones-para-cataluna\/"},"modified":"1970-01-01T01:00:00","modified_gmt":"1970-01-01T00:00:00","slug":"el-gobierno-atendera-mas-inversiones-para-cataluna","status":"publish","type":"post","link":"https:\/\/theworldwidejournal.com\/?p=52289","title":{"rendered":"El Gobierno atender\u00e1 m\u00e1s inversiones para Catalu\u00f1a"},"content":{"rendered":"<p>El Gobierno de Espa\u00f1a se comprometi\u00f3 ayer con la Generalitat de Catalu\u00f1a en aplicar la Disposici\u00f3n Adicional 3\u00aa del Estatuto de Autonom\u00eda, que el Tribunal Constitucional dej\u00f3 sin efecto obligatorio para el Ejecutivo, ya que supone invertir una cantidad fija en Catalu\u00f1a en materia de infraestructuras al margen de las necesidades de todas las Comuniades Aut\u00f3nomas. La reuni\u00f3n de la Comisi\u00f3n Bilateral Estado-Generalitat, celebrada ayer en Barcelona, sirvi\u00f3 para poner de manifiesto que el presidente del Gobierno, Pedro S\u00e1nchez, est\u00e1 dispuesto a negociar con el gobierno catal\u00e1n sobre materias concretas, econ\u00f3micas y sociales, principalmente, pero no sobre la celebraci\u00f3n de un refer\u00e9ndum de independencia. La reuni\u00f3n de la Comisi\u00f3n Bilateral dur\u00f3 unas tres horas y la ministra Meritxell Batet, que lideraba la parte del Gobierno, la defini\u00f3, al acabar como \u00abcordial\u00bb y \u00abfranca\u00bb; a lo que el consejero Ernest Maragall, que presid\u00eda la parte auton\u00f3mica, a\u00f1adi\u00f3 -tras la comparecencia de la ministra-: \u00aby dura\u00bb. El objetivo era ganar tiempo por parte del Gobierno y la Generalitat. La Comisi\u00f3n Bilateral, reunida ayer por primera vez desde 2011, sirvi\u00f3 para tomar contacto entre los dos ejecutivos, tras el encuentro que el pasado 9 de julio tuvo lugar entre Pedro S\u00e1nchez y Quim Torra en La Moncloa. Para el Gobierno, lo importante es iniciar un di\u00e1logo sin cortapisas que pueda venderse de cara al electorado con un resultado tangible, dentro de la Constituci\u00f3n; para la Generalitat, en manos de los independentistas, solo podr\u00e1 darse por bueno el di\u00e1logo si, finalmente, el Gobierno interviene en las tareas de los jueces en relaci\u00f3n con los presos preventivos, acusados de rebeli\u00f3n, desobediencia y malversaci\u00f3n, y se concreta un refer\u00e9ndum de secesi\u00f3n que no tiene cabida en la Carta Magna. Y es aqu\u00ed donde est\u00e1n las \u00abdiscrepancias importantes\u00bb, en palabras de Batet, quien reiter\u00f3 que \u00abno existe el derecho de autodeteminaci\u00f3n, ni en el marco interno ni en el internacional, s\u00f3lo recogido para los casos en los que no operan ni Catalu\u00f1a ni Espa\u00f1a\u00bb; y dej\u00f3 claro que \u00abpara esto no hay lugar para la discusi\u00f3n y, adem\u00e1s, tampoco es un buen mecanismo para resolver el problema pol\u00edtico de fondo\u00bb. Tampoco entrar\u00e1 el Gobierno en otra de las reivindicaciones del independentismo y que estos definen como \u00abpresos pol\u00edticos\u00bb. \u00abLes hemos dicho que todas las cuestiones que est\u00e1n en v\u00eda judicial escapan de las competencias del Ejecutivo\u00bb. As\u00ed, la valoraci\u00f3n de la reuni\u00f3n por parte de Maragall fue totalmente distinta a la que realiz\u00f3 Batet. Muy airado, el consejero, solo unos minutos despu\u00e9s de la intervenci\u00f3n de la ministra, se\u00f1al\u00f3 que hab\u00eda grandes discrepancias con el Gobierno en estos dos puntos claves para los partidos secesionistas. De todas formas, el Ejecutivo s\u00ed est\u00e1 dispuesto a aceptar ciertas reivindicaciones, como la aplicaci\u00f3n de la Disposici\u00f3n Adicional 3\u00aa del Estatuto. Batet dijo que el presidente S\u00e1nchez tiene \u00abel compromiso pol\u00edtico de hacer un esfuerzo con Catalu\u00f1a, porque nos paece que hacer este esfuerzo es una manera de hacer pol\u00edtica social\u00bb y concret\u00f3 en que m\u00e1s inversi\u00f3n econ\u00f3mica supone \u00abm\u00e1s cohesi\u00f3n y vertebraci\u00f3n del territorio\u00bb. Y a\u00f1adi\u00f3: \u00abEl Gobierno tiene el compromiso pol\u00edtico de atender la Disposici\u00f3n Adicional 3\u00aa del Estatuto\u00bb. \u00abVotar la independencia\u00bb El ambiente previo al encuentro de esta Comisi\u00f3n Bilateral no auguraba grandes avances en puntos concretos. As\u00ed se encarg\u00f3 de dajarlo claro desde la Generalitat la propia portavoz, Elsa Artadi, presente en la reuni\u00f3n de ayer, que el martes asegur\u00f3 que s\u00f3lo preve\u00edan llegar a puntos de encuentro en algunas de las leyes suspendidas por el TC y que se podr\u00edan \u00abrecuperar\u00bb, en concreto las que hacen referencia a asuntos sociales, que el Alto Tribunal suspendi\u00f3 o anul\u00f3 ya que las competencias para legislar sobre estos asuntos no es de las autonom\u00edas. Aun as\u00ed, horas antes de sentarse ante la misma mesa las dos delegaciones, desde la Generalitat se encargaron de calentar el ambiente con declaraciones de m\u00e1ximos y atacando tanto al Rey como a la soberan\u00eda nacional, que residen en el conjunto de los ciudadanos espa\u00f1oles. Fue el caso de Ferran Mascarell, delegado de la Generalitat en Madrid y presente, en la reuni\u00f3n bilateral, quien en declaraciones a Onda Cero, por la ma\u00f1ana, deshech\u00f3 la oferta -que podr\u00eda llegar del Gobierno- de un nuevo Estatuto de Autonom\u00eda: \u00abEs una pantalla un poco lejana en el tiempo. Desde el soberanismo catal\u00e1n se entiende que se han de plantear las cosas m\u00e1s abiertas, volver al Estatuto ya no es la pantalla en la que est\u00e1bamos, estamos en la pantalla de la autodeterminaci\u00f3n, en la independencia de Catalu\u00f1a\u00bb. Y, aunque vio bien que cada parte presente sus ofertas, a\u00f1adi\u00f3 que \u00abesta propuesta no ser\u00e1 la que defender\u00e1 el soberanismo\u00bb, esta \u00abser\u00e1 la de votar la independencia de Catalu\u00f1a\u00bb. Adem\u00e1s de Mascarell, Pere Aragon\u00e8s, vicepresidente de la Generalitat y consejero de Econom\u00eda y Hacienda, presente tambi\u00e9n en la reuni\u00f3n de la Comisi\u00f3n Bilateral, carg\u00f3 contra el Rey desde los micr\u00f3fonos de Catalunya R\u00e0dio, unas horas antes del encuentro: \u00abLa monarqu\u00eda no es un interlocutor y lo dej\u00f3 muy claro el 3 de octubre porque se aline\u00f3 con Cs y el PP. El discurso del Rey ampara ideol\u00f3gicamente actuaciones muy duras contra el independentismo. Es el que aval\u00f3 el \u201ca por ellos\u201d\u00bb. En esta direcci\u00f3n igualmente fueron las palabras de Quim Torra quien en declaraciones a la agencia de noticias de la Generalitat asegur\u00f3 que Felipe VI \u00abya no es el Rey de los catalanes\u00bb; aunque se\u00f1al\u00f3 que \u00abnunca es tarde para pedir perd\u00f3n\u00bb e invit\u00f3 al Rey a reunirse con \u00e9l: \u00abSi viniera a la Generalitat lo recibir\u00edamos con mucho gusto\u00bb. Cr\u00edticas de Cs y el PP A todo esto respondieron desde las filas de Ciudadanos y del PP. La formaci\u00f3n naranja advirti\u00f3 que las reuniones entre el Gobierno y la Generalitat, en especial la de la Comisi\u00f3n Bilateral, suponen \u00abdar alas a los independentistas\u00bb. El secretario general del partido, Jos\u00e9 Manuel Villegas, exigi\u00f3 a S\u00e1nchez por la ma\u00f1ana la suspensi\u00f3n de la reuni\u00f3n. En el PP tambi\u00e9n cargaron contra el presidente del Gobierno por el encuentro celebrado en Barcelona,&hellip;<br \/>\nVia: <a href=\"https:\/\/www.abc.es\/espana\/abci-gobierno-atendera-mas-inversiones-para-cataluna-201808012314_noticia.html\" target=\"_blank\">El Gobierno atender\u00e1 m\u00e1s inversiones para Catalu\u00f1a<\/a><\/p>\n","protected":false},"excerpt":{"rendered":"<p>El Gobierno de Espa\u00f1a se comprometi\u00f3 ayer con la Generalitat de Catalu\u00f1a en aplicar la Disposici\u00f3n Adicional 3\u00aa del Estatuto de Autonom\u00eda, que el Tribunal Constitucional dej\u00f3 sin efecto obligatorio para el Ejecutivo, ya que supone invertir una cantidad fija en Catalu\u00f1a en materia de infraestructuras al margen de las [&hellip;]<\/p>\n","protected":false},"author":2,"featured_media":52290,"comment_status":"open","ping_status":"closed","sticky":false,"template":"","format":"standard","meta":{"footnotes":""},"categories":[6],"tags":[],"class_list":["post-52289","post","type-post","status-publish","format-standard","has-post-thumbnail","hentry","category-spanish"],"_links":{"self":[{"href":"https:\/\/theworldwidejournal.com\/index.php?rest_route=\/wp\/v2\/posts\/52289","targetHints":{"allow":["GET"]}}],"collection":[{"href":"https:\/\/theworldwidejournal.com\/index.php?rest_route=\/wp\/v2\/posts"}],"about":[{"href":"https:\/\/theworldwidejournal.com\/index.php?rest_route=\/wp\/v2\/types\/post"}],"author":[{"embeddable":true,"href":"https:\/\/theworldwidejournal.com\/index.php?rest_route=\/wp\/v2\/users\/2"}],"replies":[{"embeddable":true,"href":"https:\/\/theworldwidejournal.com\/index.php?rest_route=%2Fwp%2Fv2%2Fcomments&post=52289"}],"version-history":[{"count":0,"href":"https:\/\/theworldwidejournal.com\/index.php?rest_route=\/wp\/v2\/posts\/52289\/revisions"}],"wp:featuredmedia":[{"embeddable":true,"href":"https:\/\/theworldwidejournal.com\/index.php?rest_route=\/wp\/v2\/media\/52290"}],"wp:attachment":[{"href":"https:\/\/theworldwidejournal.com\/index.php?rest_route=%2Fwp%2Fv2%2Fmedia&parent=52289"}],"wp:term":[{"taxonomy":"category","embeddable":true,"href":"https:\/\/theworldwidejournal.com\/index.php?rest_route=%2Fwp%2Fv2%2Fcategories&post=52289"},{"taxonomy":"post_tag","embeddable":true,"href":"https:\/\/theworldwidejournal.com\/index.php?rest_route=%2Fwp%2Fv2%2Ftags&post=52289"}],"curies":[{"name":"wp","href":"https:\/\/api.w.org\/{rel}","templated":true}]}}