{"id":52363,"date":"1970-01-01T01:00:00","date_gmt":"1970-01-01T00:00:00","guid":{"rendered":"https:\/\/theworldwidejournal.com\/1970\/01\/01\/el-vaticano-modifica-el-catecismo-y-declara-inadmisible-la-pena-de-muerte\/"},"modified":"1970-01-01T01:00:00","modified_gmt":"1970-01-01T00:00:00","slug":"el-vaticano-modifica-el-catecismo-y-declara-inadmisible-la-pena-de-muerte","status":"publish","type":"post","link":"https:\/\/theworldwidejournal.com\/?p=52363","title":{"rendered":"El Vaticano modifica el Catecismo y declara \u00abinadmisible\u00bb la pena de muerte"},"content":{"rendered":"<p>El Papa Francisco ha aprobado la modificaci\u00f3n del Catecismo cat\u00f3lico para declarar \u00abinadmisible\u00bb la pena de muerte y ha indicado el compromiso de la Iglesia en animar a su abolici\u00f3n en todo el mundo, inform\u00f3 hoy la Santa Sede. El prefecto de la Congregaci\u00f3n para la Doctrina de la Fe, Luis Ladaria Ferrer, se\u00f1al\u00f3 en un comunicado que ha sido autorizado por el pont\u00edfice para introducir la nueva postura ante la pena de muerte, recogida en el art\u00edculo 2.267 del Catecismo cat\u00f3lico. En el nuevo texto se subraya que \u00abla Iglesia ense\u00f1a, a la luz del Evangelio, que la pena de muerte es inadmisible, porque atenta contra la inviolabilidad y la dignidad de la persona, y se compromete con determinaci\u00f3n a su abolici\u00f3n en todo el mundo\u00bb. En la modificaci\u00f3n se se\u00f1ala que \u00abdurante mucho tiempo el recurso a la pena de muerte por parte de la autoridad leg\u00edtima, despu\u00e9s de un debido proceso, fue considerado una respuesta apropiada a la gravedad de algunos delitos y un medio admisible, aunque extremo, para la tutela del bien com\u00fan\u00bb. En la versi\u00f3n antigua del Catecismo no se exclu\u00eda la pena de muerte \u00absi \u00e9sta fuera el \u00fanico camino posible para defender eficazmente del agresor injusto las vidas humanas\u00bb. El cambio se debe a que, seg\u00fan el nuevo texto, \u00abhoy est\u00e1 cada vez m\u00e1s viva la conciencia de que la dignidad de la persona no se pierde ni siquiera despu\u00e9s de haber cometido cr\u00edmenes muy graves\u00bb y \u00abse ha extendido una nueva comprensi\u00f3n acerca del sentido de las sanciones penales por parte del Estado\u00bb. \u00abRespeto a toda vida humana\u00bb \u00abEn fin, se han implementado sistemas de detenci\u00f3n m\u00e1s eficaces, que garantizan la necesaria defensa de los ciudadanos, pero que, al mismo tiempo, no le quitan al reo la posibilidad de redimirse definitivamente\u00bb, se justifica en el nuevo texto. El cambio, datado el 1 de agosto de 2018, entrar\u00e1 en vigor con su publicaci\u00f3n en el diario oficial, L&#8217;Osservatore Vaticano, y en el \u00abActa Apostolicae Sedis\u00bb, que recoge los textos oficiales de la Santa Sede. Para presentar la modificaci\u00f3n del Catecismo, libro doctrinal que recoge las bases del Catolicismo, Ladaria dirigi\u00f3 una carta a los obispos de todo el mundo en la que subraya que el nuevo desarrollo \u00abdescansa principalmente en la conciencia cada vez m\u00e1s clara en la Iglesia del respeto que se debe a toda vida humana\u00bb. \u00abSi de hecho la situaci\u00f3n pol\u00edtica y social del pasado hac\u00eda de la pena de la muerte un instrumento aceptable para la tutela del bien com\u00fan, hoy es cada vez m\u00e1s viva la conciencia de que la dignidad de la persona no se pierde ni siquiera luego de haber cometido cr\u00edmenes muy graves\u00bb, se\u00f1ala el cardenal espa\u00f1ol.<br \/>\nVia: <a href=\"https:\/\/www.abc.es\/sociedad\/abci-vaticano-modifica-catecismo-y-declara-inadmisible-pena-muerte-201808021246_noticia.html\" target=\"_blank\">El Vaticano modifica el Catecismo y declara \u00abinadmisible\u00bb la pena de muerte<\/a><\/p>\n","protected":false},"excerpt":{"rendered":"<p>El Papa Francisco ha aprobado la modificaci\u00f3n del Catecismo cat\u00f3lico para declarar \u00abinadmisible\u00bb la pena de muerte y ha indicado el compromiso de la Iglesia en animar a su abolici\u00f3n en todo el mundo, inform\u00f3 hoy la Santa Sede. El prefecto de la Congregaci\u00f3n para la Doctrina de la Fe, [&hellip;]<\/p>\n","protected":false},"author":2,"featured_media":52364,"comment_status":"open","ping_status":"closed","sticky":false,"template":"","format":"standard","meta":{"footnotes":""},"categories":[6],"tags":[],"class_list":["post-52363","post","type-post","status-publish","format-standard","has-post-thumbnail","hentry","category-spanish"],"_links":{"self":[{"href":"https:\/\/theworldwidejournal.com\/index.php?rest_route=\/wp\/v2\/posts\/52363","targetHints":{"allow":["GET"]}}],"collection":[{"href":"https:\/\/theworldwidejournal.com\/index.php?rest_route=\/wp\/v2\/posts"}],"about":[{"href":"https:\/\/theworldwidejournal.com\/index.php?rest_route=\/wp\/v2\/types\/post"}],"author":[{"embeddable":true,"href":"https:\/\/theworldwidejournal.com\/index.php?rest_route=\/wp\/v2\/users\/2"}],"replies":[{"embeddable":true,"href":"https:\/\/theworldwidejournal.com\/index.php?rest_route=%2Fwp%2Fv2%2Fcomments&post=52363"}],"version-history":[{"count":0,"href":"https:\/\/theworldwidejournal.com\/index.php?rest_route=\/wp\/v2\/posts\/52363\/revisions"}],"wp:featuredmedia":[{"embeddable":true,"href":"https:\/\/theworldwidejournal.com\/index.php?rest_route=\/wp\/v2\/media\/52364"}],"wp:attachment":[{"href":"https:\/\/theworldwidejournal.com\/index.php?rest_route=%2Fwp%2Fv2%2Fmedia&parent=52363"}],"wp:term":[{"taxonomy":"category","embeddable":true,"href":"https:\/\/theworldwidejournal.com\/index.php?rest_route=%2Fwp%2Fv2%2Fcategories&post=52363"},{"taxonomy":"post_tag","embeddable":true,"href":"https:\/\/theworldwidejournal.com\/index.php?rest_route=%2Fwp%2Fv2%2Ftags&post=52363"}],"curies":[{"name":"wp","href":"https:\/\/api.w.org\/{rel}","templated":true}]}}