{"id":52367,"date":"1970-01-01T01:00:00","date_gmt":"1970-01-01T00:00:00","guid":{"rendered":"https:\/\/theworldwidejournal.com\/1970\/01\/01\/este-es-angel-boza-el-miembro-de-la-manada-detenido-por-robar-unas-gafas\/"},"modified":"1970-01-01T01:00:00","modified_gmt":"1970-01-01T00:00:00","slug":"este-es-angel-boza-el-miembro-de-la-manada-detenido-por-robar-unas-gafas","status":"publish","type":"post","link":"https:\/\/theworldwidejournal.com\/?p=52367","title":{"rendered":"Este es \u00c1ngel Boza, el miembro de La Manada detenido por robar unas gafas"},"content":{"rendered":"<p>Durante la tarde de este mi\u00e9rcoles, \u00c1ngel Boza, uno de los miembros de La Manada, era detenido por la Polic\u00eda Local de Sevilla tras robar presuntamente unas gafas de sol en El Corte Ingl\u00e9s de El Duque de la capital hispalense. El joven sevillano se encontraba en libertad provisional desde hace poco m\u00e1s de un mes, a la espera de que se resuelva el recurso interpuesto por la condena de nueve a\u00f1os por abusar sexualmente de una chica de 18 a\u00f1os durante los sanfermines de 2016. Nacido en 1991, Boza ya ten\u00eda antecedentes antes de ingresar en prisi\u00f3n por el caso de La Manada. Hab\u00eda sido pillado en m\u00e1s de una ocasi\u00f3n conduciendo bajo los efectos del alcohol y las drogas, as\u00ed como por delitos de robo por fuerza. Este mi\u00e9rcoles, adem\u00e1s de llevarse unas gafas de sol del citado centro comercial, trat\u00f3 de atropellar a dos vigilantes de seguridad para escaparse. Hab\u00eda recuperado el carn\u00e9 de conducir d\u00edas atr\u00e1s, tras un per\u00edodo de retirada del mismo por delitos contra la seguridad vial. \u00c1ngel Boza fue el \u00faltimo en incoporarse al grupo de La Manada y el m\u00e1s peque\u00f1o de sus miembros. Durante la noche del abuso sexual a la joven en Pamplona, fue el primero en besarla, tal como recoge la sentencia del caso. Durante su estancia en la prisi\u00f3n, ha aprovechado para obtener el certificado escolar. Hasta ahora, hab\u00eda sido el menos medi\u00e1tico del grupo, y el \u00fanico de La Manada que no est\u00e1 enjuiciado por el caso de Pozoblanco, la causa abierta por la que se acusa al resto de miembros de haber abusado sexualmente de una chica de 21 a\u00f1os durante las fiestas de Torrecampo (C\u00f3rdoba) en 2016. Su abogado, Agust\u00edn Mart\u00ednez, ha explicado este jueves a Efe que este hecho \u00abno tiene consecuencias\u00bb para su auto de libertad provisional aunque s\u00ed puede ir a prisi\u00f3n por el nuevo delito. El letrado todav\u00eda no ha podido hablar con su cliente, que se encuentra en dependencias policiales desde anoche, donde a\u00fan no se le ha tomado declaraci\u00f3n y, seg\u00fan fuentes policiales, ser\u00e1 tras la pr\u00e1ctica de las diligencias y la finalizaci\u00f3n del atestado cuando ser\u00e1 puesto a disposici\u00f3n judicial, previsiblemente en el d\u00eda de hoy.<br \/>\nVia: <a href=\"https:\/\/www.abc.es\/sociedad\/abci-este-angel-boza-miembro-manada-detenido-robar-unas-gafas-201808021015_noticia.html\" target=\"_blank\">Este es \u00c1ngel Boza, el miembro de La Manada detenido por robar unas gafas<\/a><\/p>\n","protected":false},"excerpt":{"rendered":"<p>Durante la tarde de este mi\u00e9rcoles, \u00c1ngel Boza, uno de los miembros de La Manada, era detenido por la Polic\u00eda Local de Sevilla tras robar presuntamente unas gafas de sol en El Corte Ingl\u00e9s de El Duque de la capital hispalense. El joven sevillano se encontraba en libertad provisional desde [&hellip;]<\/p>\n","protected":false},"author":2,"featured_media":52368,"comment_status":"open","ping_status":"closed","sticky":false,"template":"","format":"standard","meta":{"footnotes":""},"categories":[6],"tags":[],"class_list":["post-52367","post","type-post","status-publish","format-standard","has-post-thumbnail","hentry","category-spanish"],"_links":{"self":[{"href":"https:\/\/theworldwidejournal.com\/index.php?rest_route=\/wp\/v2\/posts\/52367","targetHints":{"allow":["GET"]}}],"collection":[{"href":"https:\/\/theworldwidejournal.com\/index.php?rest_route=\/wp\/v2\/posts"}],"about":[{"href":"https:\/\/theworldwidejournal.com\/index.php?rest_route=\/wp\/v2\/types\/post"}],"author":[{"embeddable":true,"href":"https:\/\/theworldwidejournal.com\/index.php?rest_route=\/wp\/v2\/users\/2"}],"replies":[{"embeddable":true,"href":"https:\/\/theworldwidejournal.com\/index.php?rest_route=%2Fwp%2Fv2%2Fcomments&post=52367"}],"version-history":[{"count":0,"href":"https:\/\/theworldwidejournal.com\/index.php?rest_route=\/wp\/v2\/posts\/52367\/revisions"}],"wp:featuredmedia":[{"embeddable":true,"href":"https:\/\/theworldwidejournal.com\/index.php?rest_route=\/wp\/v2\/media\/52368"}],"wp:attachment":[{"href":"https:\/\/theworldwidejournal.com\/index.php?rest_route=%2Fwp%2Fv2%2Fmedia&parent=52367"}],"wp:term":[{"taxonomy":"category","embeddable":true,"href":"https:\/\/theworldwidejournal.com\/index.php?rest_route=%2Fwp%2Fv2%2Fcategories&post=52367"},{"taxonomy":"post_tag","embeddable":true,"href":"https:\/\/theworldwidejournal.com\/index.php?rest_route=%2Fwp%2Fv2%2Ftags&post=52367"}],"curies":[{"name":"wp","href":"https:\/\/api.w.org\/{rel}","templated":true}]}}