{"id":52433,"date":"1970-01-01T01:00:00","date_gmt":"1970-01-01T00:00:00","guid":{"rendered":"https:\/\/theworldwidejournal.com\/1970\/01\/01\/llega-el-peor-dia-de-la-ola-de-calor-temperaturas-extremas-y-alto-riesgo-de-incendios\/"},"modified":"1970-01-01T01:00:00","modified_gmt":"1970-01-01T00:00:00","slug":"llega-el-peor-dia-de-la-ola-de-calor-temperaturas-extremas-y-alto-riesgo-de-incendios","status":"publish","type":"post","link":"https:\/\/theworldwidejournal.com\/?p=52433","title":{"rendered":"Llega el peor d\u00eda de la ola de calor: temperaturas extremas y alto riesgo de incendios"},"content":{"rendered":"<p>La ola de calor alcanza este viernes su ecuador con temperaturas extremas en buena parte del pa\u00eds. Si ayer llegaron a superarse los 44\u00baC en Montoro (C\u00f3rdoba) y los 43\u00ba en Olivenza (Badajoz); hoy podr\u00edan alcanzarse los 45\u00ba en los valles del Guadiana y del Guadalquivir. Tambi\u00e9n se superar\u00e1n los 40\u00ba en amplias zonas de la Pen\u00ednsula, explica a ABC el portavoz de la Agencia Estatal de Meteorolog\u00eda (Aemet), Rub\u00e9n del Campo. En la zona centro y en el valle del Ebro se esperan temperaturas pr\u00f3ximas a los 40\u00ba, mientras que en la meseta norte e interior sur de Galicia se superar\u00e1n los 35\u00ba, llegando incluso a registrarse valores entre los 39 y los 41\u00ba. Las noches seguir\u00e1n siendo tropicales y en el cuadrante suroeste peninsular no bajar\u00e1n de los 25 grados. En la madrugada del jueves, Ja\u00e9n capital vivi\u00f3 su momento m\u00e1s fresco con 29,9\u00ba, qued\u00e1ndose a una d\u00e9cima del r\u00e9cord de la ciudad, situado en los 30\u00ba de m\u00ednima registrados en 2003. Ayer, en el ranking de temperaturas m\u00ednimas m\u00e1s altas del pa\u00eds le sigui\u00f3 San Jos\u00e9 del Valle (C\u00e1diz), con 28,8\u00ba y Osuna (Sevilla), con 28,4\u00ba. En este apartado, el r\u00e9cord absoluto en Espa\u00f1a lo tiene Almer\u00eda, que en la madrugada del 21 de agosto de 2011 obtuvo con 33\u00ba su momento m\u00e1s \u00abfresco\u00bb de la jornada. Rayos e incendios Este viernes la mayor parte del pa\u00eds se encuentra adem\u00e1s en riesgo extremo de incendios. Al intenso calor y la escasa humedad del ambiente se a\u00f1ade la posibilidad de que se formen tormentas secas en la meseta norte, seg\u00fan la previsi\u00f3n de la Aemet. \u00abHay riesgo de que haya rayos sin lluvia, lo que podr\u00eda provocar incendios de forma natural\u00bb, explica Del Campo. Adem\u00e1s, durante esas tormentas de rayos tambi\u00e9n podr\u00edan desencadenarse rachas de viento localmente intensas, lo que podr\u00eda avivar el fuego. \u00abVa a ser un d\u00eda complicado para los incendios\u00bb, dice el portavoz de la Aemet. \u00abEl riesgo es muy alto y va a seguir subiendo\u00bb, corrobora por su parte Ra\u00fal de la Calle, secretario general del Colegio Oficial de Ingenieros T\u00e9cnicos Forestales. \u00abEn los peores incendios siempre se ha cumplido la ecuaci\u00f3n de altas temperaturas, viento importante y un monte con mucho combustible y biomasa\u00bb, comenta De la Calle. \u00abEl combustible y las altas temperaturas ya est\u00e1n\u00bb, alerta. No obstante, el experto cree que, por ahora, los montes a\u00fan retienen algo de humedad debido a las abundantes lluvias de la primavera y las temperaturas hasta ahora normales del verano. No obstante, tambi\u00e9n denuncia que este 2018 hay m\u00e1s biomasa que en a\u00f1os anteriores por el crecimiento de la vegetaci\u00f3n y la deficiente gesti\u00f3n de los montes. En los primeros siete meses de este a\u00f1o se ha registrado la mitad de incendios forestales que en a\u00f1os anteriores y se ha quemado un 25% menos de superficie que la media de la \u00faltima d\u00e9cada, seg\u00fan los datos del Colegio. \u00abSigue siendo un a\u00f1o bueno en incendios, pero hay que estar en constante alerta\u00bb, concluye.<br \/>\nVia: <a href=\"https:\/\/www.abc.es\/sociedad\/abci-llega-peor-calor-temperaturas-extremas-y-alto-riesgo-incendios-201808021956_noticia.html\" target=\"_blank\">Llega el peor d\u00eda de la ola de calor: temperaturas extremas y alto riesgo de incendios<\/a><\/p>\n","protected":false},"excerpt":{"rendered":"<p>La ola de calor alcanza este viernes su ecuador con temperaturas extremas en buena parte del pa\u00eds. Si ayer llegaron a superarse los 44\u00baC en Montoro (C\u00f3rdoba) y los 43\u00ba en Olivenza (Badajoz); hoy podr\u00edan alcanzarse los 45\u00ba en los valles del Guadiana y del Guadalquivir. Tambi\u00e9n se superar\u00e1n los [&hellip;]<\/p>\n","protected":false},"author":2,"featured_media":52434,"comment_status":"open","ping_status":"closed","sticky":false,"template":"","format":"standard","meta":{"footnotes":""},"categories":[6],"tags":[],"class_list":["post-52433","post","type-post","status-publish","format-standard","has-post-thumbnail","hentry","category-spanish"],"_links":{"self":[{"href":"https:\/\/theworldwidejournal.com\/index.php?rest_route=\/wp\/v2\/posts\/52433","targetHints":{"allow":["GET"]}}],"collection":[{"href":"https:\/\/theworldwidejournal.com\/index.php?rest_route=\/wp\/v2\/posts"}],"about":[{"href":"https:\/\/theworldwidejournal.com\/index.php?rest_route=\/wp\/v2\/types\/post"}],"author":[{"embeddable":true,"href":"https:\/\/theworldwidejournal.com\/index.php?rest_route=\/wp\/v2\/users\/2"}],"replies":[{"embeddable":true,"href":"https:\/\/theworldwidejournal.com\/index.php?rest_route=%2Fwp%2Fv2%2Fcomments&post=52433"}],"version-history":[{"count":0,"href":"https:\/\/theworldwidejournal.com\/index.php?rest_route=\/wp\/v2\/posts\/52433\/revisions"}],"wp:featuredmedia":[{"embeddable":true,"href":"https:\/\/theworldwidejournal.com\/index.php?rest_route=\/wp\/v2\/media\/52434"}],"wp:attachment":[{"href":"https:\/\/theworldwidejournal.com\/index.php?rest_route=%2Fwp%2Fv2%2Fmedia&parent=52433"}],"wp:term":[{"taxonomy":"category","embeddable":true,"href":"https:\/\/theworldwidejournal.com\/index.php?rest_route=%2Fwp%2Fv2%2Fcategories&post=52433"},{"taxonomy":"post_tag","embeddable":true,"href":"https:\/\/theworldwidejournal.com\/index.php?rest_route=%2Fwp%2Fv2%2Ftags&post=52433"}],"curies":[{"name":"wp","href":"https:\/\/api.w.org\/{rel}","templated":true}]}}