{"id":52435,"date":"1970-01-01T01:00:00","date_gmt":"1970-01-01T00:00:00","guid":{"rendered":"https:\/\/theworldwidejournal.com\/1970\/01\/01\/por-que-no-estamos-a-50oc-aunque-el-termometro-de-la-calle-lo-diga\/"},"modified":"1970-01-01T01:00:00","modified_gmt":"1970-01-01T00:00:00","slug":"por-que-no-estamos-a-50oc-aunque-el-termometro-de-la-calle-lo-diga","status":"publish","type":"post","link":"https:\/\/theworldwidejournal.com\/?p=52435","title":{"rendered":"Por qu\u00e9 no estamos a 50\u00baC aunque el term\u00f3metro de la calle lo diga"},"content":{"rendered":"<p>La primera ola de calor del verano en Espa\u00f1a est\u00e1 llevando las temperaturas por encima de los 40\u00baC. Este jueves se han registrado los 44\u00baC en Montoro (C\u00f3rdoba) y los 43\u00ba en Olivenza (Badajoz), y este viernes se podr\u00edan superar los 45\u00baC en zonas del valle del Guadiana y el Guadalquivir. Sin embargo, y aunque los term\u00f3metros de la calle, marquesinas o farmacias puedan indicar lo contrario, Espa\u00f1a todav\u00eda no ha batido su r\u00e9cord de temperatura, los 46,9\u00baC que se registraron en C\u00f3rdoba en julio del a\u00f1o pasado. \u00abNo es que est\u00e9n mal los term\u00f3metros de las marquesinas o de las rotondas, el problema es que est\u00e1n al sol y, cuando les da de lleno, no indican la temperatura del aire, sino la del propio aparato\u00bb, explica el portavoz de la Agencia Estatal de Meteorolog\u00eda (Aemet), Rub\u00e9n del Campo. El material de estos indicadores, muchas veces de metal y en colores oscuros, tambi\u00e9n propicia su sobrecalentamiento. \u00abEstos term\u00f3metros no son muy fiables, pero en d\u00edas nublados o con lluvia, pueden dar la temperatura bien\u00bb, explica Del Campo. Ante esta curiosidad que a veces provoca la confusi\u00f3n de los ciudadanos, la Aemet ha lanzado una campa\u00f1a en redes sociales bajo la etiqueta #TermometroLocoAEMET. \u00abMuchos seguidores nos dicen que han visto temperaturas superiores a las m\u00e1ximas registradas por Aemet y eso se debe a que la temperatura que dan los term\u00f3metros callejeros NO ES CORRECTA\u00bb. Las temperaturas que publica la Aemet se registran en sensores profesionales ubicados dentro de \u00abgaritas meteorol\u00f3gicas\u00bb, unas peque\u00f1as cajas blancas que evitan que el sol incida directamente en el term\u00f3metro. Al estar ventiladas, adem\u00e1s, \u00abmiden la temperatura del aire, que es una temperatura m\u00e1s real\u00bb, concluye Del Campo. Muchos seguidores nos dicen que han visto temperaturas \ud83c\udf21\ufe0f superiores a las m\u00e1ximas registradas por Aemet y eso se debe a que la temperatura que dan los term\u00f3metros callejeros \ud83d\udce2 NO ES CORRECTA \ud83d\udce2. Estos dispositivos: \ud83d\udd38Suelen ser met\u00e1licos\ud83d\udd39Suelen ser de color oscuro&mdash; AEMET (@AEMET_Esp) 31 de julio de 2018<br \/>\nVia: <a href=\"https:\/\/www.abc.es\/sociedad\/abci-no-estamos-aunque-termometro-calle-diga-201808030235_noticia.html\" target=\"_blank\">Por qu\u00e9 no estamos a 50\u00baC aunque el term\u00f3metro de la calle lo diga<\/a><\/p>\n","protected":false},"excerpt":{"rendered":"<p>La primera ola de calor del verano en Espa\u00f1a est\u00e1 llevando las temperaturas por encima de los 40\u00baC. Este jueves se han registrado los 44\u00baC en Montoro (C\u00f3rdoba) y los 43\u00ba en Olivenza (Badajoz), y este viernes se podr\u00edan superar los 45\u00baC en zonas del valle del Guadiana y el [&hellip;]<\/p>\n","protected":false},"author":2,"featured_media":52436,"comment_status":"open","ping_status":"closed","sticky":false,"template":"","format":"standard","meta":{"footnotes":""},"categories":[6],"tags":[],"class_list":["post-52435","post","type-post","status-publish","format-standard","has-post-thumbnail","hentry","category-spanish"],"_links":{"self":[{"href":"https:\/\/theworldwidejournal.com\/index.php?rest_route=\/wp\/v2\/posts\/52435","targetHints":{"allow":["GET"]}}],"collection":[{"href":"https:\/\/theworldwidejournal.com\/index.php?rest_route=\/wp\/v2\/posts"}],"about":[{"href":"https:\/\/theworldwidejournal.com\/index.php?rest_route=\/wp\/v2\/types\/post"}],"author":[{"embeddable":true,"href":"https:\/\/theworldwidejournal.com\/index.php?rest_route=\/wp\/v2\/users\/2"}],"replies":[{"embeddable":true,"href":"https:\/\/theworldwidejournal.com\/index.php?rest_route=%2Fwp%2Fv2%2Fcomments&post=52435"}],"version-history":[{"count":0,"href":"https:\/\/theworldwidejournal.com\/index.php?rest_route=\/wp\/v2\/posts\/52435\/revisions"}],"wp:featuredmedia":[{"embeddable":true,"href":"https:\/\/theworldwidejournal.com\/index.php?rest_route=\/wp\/v2\/media\/52436"}],"wp:attachment":[{"href":"https:\/\/theworldwidejournal.com\/index.php?rest_route=%2Fwp%2Fv2%2Fmedia&parent=52435"}],"wp:term":[{"taxonomy":"category","embeddable":true,"href":"https:\/\/theworldwidejournal.com\/index.php?rest_route=%2Fwp%2Fv2%2Fcategories&post=52435"},{"taxonomy":"post_tag","embeddable":true,"href":"https:\/\/theworldwidejournal.com\/index.php?rest_route=%2Fwp%2Fv2%2Ftags&post=52435"}],"curies":[{"name":"wp","href":"https:\/\/api.w.org\/{rel}","templated":true}]}}