{"id":52506,"date":"1970-01-01T01:00:00","date_gmt":"1970-01-01T00:00:00","guid":{"rendered":"https:\/\/theworldwidejournal.com\/1970\/01\/01\/el-rey-acudira-a-los-actos-de-conmemoracion-de-los-atentados-de-cambrils-y-barcelona\/"},"modified":"1970-01-01T01:00:00","modified_gmt":"1970-01-01T00:00:00","slug":"el-rey-acudira-a-los-actos-de-conmemoracion-de-los-atentados-de-cambrils-y-barcelona","status":"publish","type":"post","link":"https:\/\/theworldwidejournal.com\/?p=52506","title":{"rendered":"El Rey acudir\u00e1 a los actos de conmemoraci\u00f3n de los atentados de Cambrils y Barcelona"},"content":{"rendered":"<p>El Rey acudir\u00e1 el pr\u00f3ximo 17 de agosto a los actos que se desarrollar\u00e1n en Barcelona con motivo del primer aniversario de los atentados terroristas en las Ramblas y Cambrils (Tarragona). As\u00ed lo ha avanzado hoy el presidente del Gobierno, Pedro S\u00e1nchez, en la rueda de prensa en la que ha hecho balance de sus dos primeros meses de gesti\u00f3n. \u00abEl jefe del Estado va a estar presente y yo voy a estar presente\u00bb, ha asegurado S\u00e1nchez, quien ha subrayado que el aniversario de los atentados \u00abexige de todos solidaridad y respeto a las v\u00edctimas y sus familiares\u00bb.<br \/>\nVia: <a href=\"https:\/\/www.abc.es\/espana\/abci-acudira-actos-conmemoracion-atentados-17-agosto-201808031351_noticia.html\" target=\"_blank\">El Rey acudir\u00e1 a los actos de conmemoraci\u00f3n de los atentados de Cambrils y Barcelona<\/a><\/p>\n","protected":false},"excerpt":{"rendered":"<p>El Rey acudir\u00e1 el pr\u00f3ximo 17 de agosto a los actos que se desarrollar\u00e1n en Barcelona con motivo del primer aniversario de los atentados terroristas en las Ramblas y Cambrils (Tarragona). As\u00ed lo ha avanzado hoy el presidente del Gobierno, Pedro S\u00e1nchez, en la rueda de prensa en la que [&hellip;]<\/p>\n","protected":false},"author":2,"featured_media":52507,"comment_status":"open","ping_status":"closed","sticky":false,"template":"","format":"standard","meta":{"footnotes":""},"categories":[6],"tags":[],"class_list":["post-52506","post","type-post","status-publish","format-standard","has-post-thumbnail","hentry","category-spanish"],"_links":{"self":[{"href":"https:\/\/theworldwidejournal.com\/index.php?rest_route=\/wp\/v2\/posts\/52506","targetHints":{"allow":["GET"]}}],"collection":[{"href":"https:\/\/theworldwidejournal.com\/index.php?rest_route=\/wp\/v2\/posts"}],"about":[{"href":"https:\/\/theworldwidejournal.com\/index.php?rest_route=\/wp\/v2\/types\/post"}],"author":[{"embeddable":true,"href":"https:\/\/theworldwidejournal.com\/index.php?rest_route=\/wp\/v2\/users\/2"}],"replies":[{"embeddable":true,"href":"https:\/\/theworldwidejournal.com\/index.php?rest_route=%2Fwp%2Fv2%2Fcomments&post=52506"}],"version-history":[{"count":0,"href":"https:\/\/theworldwidejournal.com\/index.php?rest_route=\/wp\/v2\/posts\/52506\/revisions"}],"wp:featuredmedia":[{"embeddable":true,"href":"https:\/\/theworldwidejournal.com\/index.php?rest_route=\/wp\/v2\/media\/52507"}],"wp:attachment":[{"href":"https:\/\/theworldwidejournal.com\/index.php?rest_route=%2Fwp%2Fv2%2Fmedia&parent=52506"}],"wp:term":[{"taxonomy":"category","embeddable":true,"href":"https:\/\/theworldwidejournal.com\/index.php?rest_route=%2Fwp%2Fv2%2Fcategories&post=52506"},{"taxonomy":"post_tag","embeddable":true,"href":"https:\/\/theworldwidejournal.com\/index.php?rest_route=%2Fwp%2Fv2%2Ftags&post=52506"}],"curies":[{"name":"wp","href":"https:\/\/api.w.org\/{rel}","templated":true}]}}