{"id":52508,"date":"1970-01-01T01:00:00","date_gmt":"1970-01-01T00:00:00","guid":{"rendered":"https:\/\/theworldwidejournal.com\/1970\/01\/01\/las-victimas-de-violencia-de-genero-no-tendran-que-declarar-contra-el-maltratador-para-recibir-proteccion\/"},"modified":"1970-01-01T01:00:00","modified_gmt":"1970-01-01T00:00:00","slug":"las-victimas-de-violencia-de-genero-no-tendran-que-declarar-contra-el-maltratador-para-recibir-proteccion","status":"publish","type":"post","link":"https:\/\/theworldwidejournal.com\/?p=52508","title":{"rendered":"Las v\u00edctimas de violencia de g\u00e9nero no tendr\u00e1n que declarar contra el maltratador para recibir protecci\u00f3n"},"content":{"rendered":"<p>Las v\u00edctimas de violencia de g\u00e9nero no tendr\u00e1n la obligaci\u00f3n de declarar contra sus agresores para recibir protecci\u00f3n policial, como necesitaban hasta ahora, y dispondr\u00e1n de otras posibilidades adem\u00e1s de la sentencia firme para acreditar su condici\u00f3n de maltratadas. As\u00ed lo establece el real decreto aprobado este viernes por el Consejo de Ministros de medidas urgentes para el desarrollo del Pacto de Estado contra la Violencia de G\u00e9nero, que modifica la Ley de Bases del R\u00e9gimen Local, la Ley de Medidas de Protecci\u00f3n Integral contra la Violencia de G\u00e9nero y el C\u00f3digo Civil. El texto, que en parte ya avanz\u00f3 la vicepresidenta, Carmen Calvo, el pasado martes tras la Conferencia Sectorial de Igualdad, devuelve a los consistorios las competencias en promoci\u00f3n de la igualdad y la lucha contra la violencia de g\u00e9nero; adem\u00e1s \u00abfortalece\u00bb la tutela judicial, el acceso a la justicia y a los recursos de asistencia a las v\u00edctimas g\u00e9nero. Por su parte, la reforma de la ley contra la violencia de g\u00e9nero tiene como fin \u00abmejorar\u00bb la participaci\u00f3n de la v\u00edctima en el proceso penal, con la designaci\u00f3n urgente de abogados y procuradores de oficio en los procedimientos \u00abque aseguren la inmediata presencia para la defensa y representaci\u00f3n de las v\u00edctimas\u00bb. Seg\u00fan un comunicado del Ministerio de la Presidencia, Relaciones con las Cortes e Igualdad, la v\u00edctima podr\u00e1 personarse como acusaci\u00f3n particular en cualquier fase del procedimiento. El Gobierno se basa en el Convenio de Consejo de Europa para no supeditar la protecci\u00f3n de las v\u00edctimas al ejercicio de acciones legales o declaraci\u00f3n contra el maltratador. De esta forma, modifica la ley integral para ampliar los mecanismos con los que las mujeres podr\u00e1n acreditar las situaciones de violencia de g\u00e9nero, que hasta ahora hac\u00edan con la sentencia. El reconocimiento de los derechos de las v\u00edctimas se podr\u00e1 acreditar por el informe del Ministerio Fiscal, de los servicios sociales, de los servicios especializados o de los servicios de acogida destinados a v\u00edctimas de violencia de g\u00e9nero, seg\u00fan el comunicado. Ser\u00e1n el Ejecutivo y las comunidades aut\u00f3nomas, en el marco de la Conferencia Sectorial, los que dise\u00f1ar\u00e1n, de com\u00fan acuerdo, los procedimientos b\u00e1sicos que permitan poner en marcha dicha acreditaci\u00f3n. Adem\u00e1s, de las reformas legislativas, a su juicio, m\u00e1s urgentes, recogidas en el Pacto y que pone en marcha el real decreto, el presidente del Gobierno, Pedro S\u00e1nchez, ha explicado en la rueda de prensa posterior a la reuni\u00f3n del Consejo de Ministros que el Ejecutivo ha hecho efectiva una trasferencia de 120 millones de euros a las comunidades y ayuntamientos para luchar contra el maltrato. De esa partida, 20 millones de euros ser\u00e1n para los ayuntamientos en 2018 y se duplicar\u00e1 en 2019, hasta alcanzar los 40 millones de euros, que se distribuir\u00e1n v\u00eda \u00abtransferencia finalista y directa\u00bb o a trav\u00e9s de otras entidades locales. El real decreto tambi\u00e9n modifica el C\u00f3digo Civil para que los menores expuestos a violencia de g\u00e9nero no requieran el permiso del maltratador para recibir atenci\u00f3n psicol\u00f3gica.<br \/>\nVia: <a href=\"https:\/\/www.abc.es\/sociedad\/abci-victimas-no-tendran-declarar-contra-maltratador-para-recibir-proteccion-201808031406_noticia.html\" target=\"_blank\">Las v\u00edctimas de violencia de g\u00e9nero no tendr\u00e1n que declarar contra el maltratador para recibir protecci\u00f3n<\/a><\/p>\n","protected":false},"excerpt":{"rendered":"<p>Las v\u00edctimas de violencia de g\u00e9nero no tendr\u00e1n la obligaci\u00f3n de declarar contra sus agresores para recibir protecci\u00f3n policial, como necesitaban hasta ahora, y dispondr\u00e1n de otras posibilidades adem\u00e1s de la sentencia firme para acreditar su condici\u00f3n de maltratadas. As\u00ed lo establece el real decreto aprobado este viernes por el [&hellip;]<\/p>\n","protected":false},"author":2,"featured_media":52509,"comment_status":"open","ping_status":"closed","sticky":false,"template":"","format":"standard","meta":{"footnotes":""},"categories":[6],"tags":[],"class_list":["post-52508","post","type-post","status-publish","format-standard","has-post-thumbnail","hentry","category-spanish"],"_links":{"self":[{"href":"https:\/\/theworldwidejournal.com\/index.php?rest_route=\/wp\/v2\/posts\/52508","targetHints":{"allow":["GET"]}}],"collection":[{"href":"https:\/\/theworldwidejournal.com\/index.php?rest_route=\/wp\/v2\/posts"}],"about":[{"href":"https:\/\/theworldwidejournal.com\/index.php?rest_route=\/wp\/v2\/types\/post"}],"author":[{"embeddable":true,"href":"https:\/\/theworldwidejournal.com\/index.php?rest_route=\/wp\/v2\/users\/2"}],"replies":[{"embeddable":true,"href":"https:\/\/theworldwidejournal.com\/index.php?rest_route=%2Fwp%2Fv2%2Fcomments&post=52508"}],"version-history":[{"count":0,"href":"https:\/\/theworldwidejournal.com\/index.php?rest_route=\/wp\/v2\/posts\/52508\/revisions"}],"wp:featuredmedia":[{"embeddable":true,"href":"https:\/\/theworldwidejournal.com\/index.php?rest_route=\/wp\/v2\/media\/52509"}],"wp:attachment":[{"href":"https:\/\/theworldwidejournal.com\/index.php?rest_route=%2Fwp%2Fv2%2Fmedia&parent=52508"}],"wp:term":[{"taxonomy":"category","embeddable":true,"href":"https:\/\/theworldwidejournal.com\/index.php?rest_route=%2Fwp%2Fv2%2Fcategories&post=52508"},{"taxonomy":"post_tag","embeddable":true,"href":"https:\/\/theworldwidejournal.com\/index.php?rest_route=%2Fwp%2Fv2%2Ftags&post=52508"}],"curies":[{"name":"wp","href":"https:\/\/api.w.org\/{rel}","templated":true}]}}