{"id":52510,"date":"1970-01-01T01:00:00","date_gmt":"1970-01-01T00:00:00","guid":{"rendered":"https:\/\/theworldwidejournal.com\/1970\/01\/01\/la-ola-de-calor-se-cobra-su-segunda-victima\/"},"modified":"1970-01-01T01:00:00","modified_gmt":"1970-01-01T00:00:00","slug":"la-ola-de-calor-se-cobra-su-segunda-victima","status":"publish","type":"post","link":"https:\/\/theworldwidejournal.com\/?p=52510","title":{"rendered":"La ola de calor se cobra su segunda v\u00edctima"},"content":{"rendered":"<p>Un hombre de 78 a\u00f1os, cuya identidad no ha sido facilitada, ha fallecido a consecuencia de un golpe de calor cuando realizaba tareas agr\u00edcolas en un terreno de su propiedad en Murcia. Seg\u00fan han informado fuentes de la Consejer\u00eda de Sanidad, el hombre trabajaba en su finca, ubicada en una pedan\u00eda de la capital, cuando sufri\u00f3 un desvanecimiento a consecuencia del calor y tuvo que ser trasladado urgentemente al hospital Morales Meseguer de la capital, donde poco despu\u00e9s falleci\u00f3. Se trata del segundo fallecimiento en la Regi\u00f3n de Murcia por golpe de calor esta semana, despu\u00e9s de que el pasado martes un obrero de 48 a\u00f1os perdiese la vida por este motivo cuando se encontraba trabajando en las obras de la autov\u00eda del Reguer\u00f3n.<br \/>\nVia: <a href=\"https:\/\/www.abc.es\/sociedad\/abci-calor-cobra-segunda-victima-201808031021_noticia.html\" target=\"_blank\">La ola de calor se cobra su segunda v\u00edctima<\/a><\/p>\n","protected":false},"excerpt":{"rendered":"<p>Un hombre de 78 a\u00f1os, cuya identidad no ha sido facilitada, ha fallecido a consecuencia de un golpe de calor cuando realizaba tareas agr\u00edcolas en un terreno de su propiedad en Murcia. Seg\u00fan han informado fuentes de la Consejer\u00eda de Sanidad, el hombre trabajaba en su finca, ubicada en una [&hellip;]<\/p>\n","protected":false},"author":2,"featured_media":52511,"comment_status":"open","ping_status":"closed","sticky":false,"template":"","format":"standard","meta":{"footnotes":""},"categories":[6],"tags":[],"class_list":["post-52510","post","type-post","status-publish","format-standard","has-post-thumbnail","hentry","category-spanish"],"_links":{"self":[{"href":"https:\/\/theworldwidejournal.com\/index.php?rest_route=\/wp\/v2\/posts\/52510","targetHints":{"allow":["GET"]}}],"collection":[{"href":"https:\/\/theworldwidejournal.com\/index.php?rest_route=\/wp\/v2\/posts"}],"about":[{"href":"https:\/\/theworldwidejournal.com\/index.php?rest_route=\/wp\/v2\/types\/post"}],"author":[{"embeddable":true,"href":"https:\/\/theworldwidejournal.com\/index.php?rest_route=\/wp\/v2\/users\/2"}],"replies":[{"embeddable":true,"href":"https:\/\/theworldwidejournal.com\/index.php?rest_route=%2Fwp%2Fv2%2Fcomments&post=52510"}],"version-history":[{"count":0,"href":"https:\/\/theworldwidejournal.com\/index.php?rest_route=\/wp\/v2\/posts\/52510\/revisions"}],"wp:featuredmedia":[{"embeddable":true,"href":"https:\/\/theworldwidejournal.com\/index.php?rest_route=\/wp\/v2\/media\/52511"}],"wp:attachment":[{"href":"https:\/\/theworldwidejournal.com\/index.php?rest_route=%2Fwp%2Fv2%2Fmedia&parent=52510"}],"wp:term":[{"taxonomy":"category","embeddable":true,"href":"https:\/\/theworldwidejournal.com\/index.php?rest_route=%2Fwp%2Fv2%2Fcategories&post=52510"},{"taxonomy":"post_tag","embeddable":true,"href":"https:\/\/theworldwidejournal.com\/index.php?rest_route=%2Fwp%2Fv2%2Ftags&post=52510"}],"curies":[{"name":"wp","href":"https:\/\/api.w.org\/{rel}","templated":true}]}}