{"id":52578,"date":"1970-01-01T01:00:00","date_gmt":"1970-01-01T00:00:00","guid":{"rendered":"https:\/\/theworldwidejournal.com\/1970\/01\/01\/el-pp-ve-un-gobierno-debil-y-maniatado-por-sus-socios\/"},"modified":"1970-01-01T01:00:00","modified_gmt":"1970-01-01T00:00:00","slug":"el-pp-ve-un-gobierno-debil-y-maniatado-por-sus-socios","status":"publish","type":"post","link":"https:\/\/theworldwidejournal.com\/?p=52578","title":{"rendered":"El PP ve un Gobierno \u00abd\u00e9bil y maniatado\u00bb por sus socios"},"content":{"rendered":"<p>El Partido Popular hizo ayer su propio balance de estos dos meses de Gobierno de Pedro S\u00e1nchez, con una conclusi\u00f3n: el jefe del Ejecutivo solo puede \u00absacar pecho\u00bb de las pol\u00edticas que ha heredado de Mariano Rajoy. El secretario general del PP, Teodoro Garc\u00eda Egea, critic\u00f3 desde Ibiza a un Gobierno \u00abinoperante, que est\u00e1 en minor\u00eda, que tiene problemas de legitimidad en origen y que ahora est\u00e1 teniendo problemas de legitimidad en ejercicio\u00bb. \u00abHemos visto c\u00f3mo Pedro S\u00e1nchez ha sacado pecho de las pol\u00edticas del PP. El resumen de su comparecencia ha sido una retah\u00edla de cifras, una enumeraci\u00f3n de resultados en pol\u00edtica econ\u00f3mica que son fruto de las pol\u00edticas que ha venido aplicando el PP: el crecimiento econ\u00f3mico sostenido, el aumento de las pensiones o la mejora en el empleo p\u00fablico\u00bb, advirti\u00f3 el n\u00famero dos de Pablo Casado. Garc\u00eda Egea cree que S\u00e1nchez \u00abya no enga\u00f1a absolutamente a nadie\u00bb, y est\u00e1 convencido de que en las dos semanas que han pasado desde el Congreso Nacional del PP, ha sido Casado quien \u00abha ejercido de presidente\u00bb, con \u00abpropuestas concretas, un programa de Gobierno completo y con las medidas econ\u00f3micas, sociales y territoriales que Espa\u00f1a necesita\u00bb. En el balance del curso pol\u00edtico, que para el PP ha terminado de una forma que no pod\u00edan esperarse hace unos meses, el secretario general de los populares considera que despu\u00e9s de la moci\u00f3n de censura, el Gobierno que ha surgido en Espa\u00f1a est\u00e1 \u00abmaniatado por los compromisos que ha adquirido con los socios\u00bb que facilitaron la investidura de S\u00e1nchez. Unos compromisos que, a su juicio, los espa\u00f1oles ir\u00e1n conociendo. En apenas dos meses no solo se ha producido un relevo en La Moncloa, sino que el primer partido de Espa\u00f1a en n\u00famero de votos ha renovado su liderazgo y sus equipos, y ha pasado p\u00e1gina de la etapa presidida por Rajoy. El PP inicia ahora un nuevo ciclo, en el que, de entrada, y seg\u00fan la encuesta de GAD3 que public\u00f3 ABC esta semana, ha roto su tendencia a la baja y ha aumentado su distancia respecto a Ciudadanos, desde la elecci\u00f3n de Pablo Casado como l\u00edder popular. La encuesta de ABC, al contrario que la del CIS, se realiz\u00f3 despu\u00e9s del Congreso Nacional del PP, y en ella se observa ya un primer desgaste del PSOE en el poder. En G\u00e9nova tienen la convicci\u00f3n de que es solo el inicio del regreso del PP a la primera posici\u00f3n. La encuesta \u00abpropia\u00bb \u00abYo tengo una encuesta propia que es la de la ilusi\u00f3n que he visto en miles de militantes, simpatizantes y en muchos espa\u00f1oles, que han visto como tras la irrupci\u00f3n de Pablo Casado se ha generado un efecto de ilusi\u00f3n en todos nosotros, incluso en personas que antes nos votaban y han vuelto a decirnos, vamos a confiar en el PP\u00bb, explic\u00f3 Garc\u00eda Egea. De momento, el secretario general de los populares subray\u00f3 ayer que \u00abeste es el Gobierno del cambio, seg\u00fan dice S\u00e1nchez, s\u00ed, pero del cambio a peor, del cambio en el que se pierden votaciones en el Congreso con los mismos socios con que te hicieron presidente\u00bb.<br \/>\nVia: <a href=\"https:\/\/www.abc.es\/espana\/abci-pp-gobierno-debil-y-maniatado-socios-201808040301_noticia.html\" target=\"_blank\">El PP ve un Gobierno \u00abd\u00e9bil y maniatado\u00bb por sus socios<\/a><\/p>\n","protected":false},"excerpt":{"rendered":"<p>El Partido Popular hizo ayer su propio balance de estos dos meses de Gobierno de Pedro S\u00e1nchez, con una conclusi\u00f3n: el jefe del Ejecutivo solo puede \u00absacar pecho\u00bb de las pol\u00edticas que ha heredado de Mariano Rajoy. El secretario general del PP, Teodoro Garc\u00eda Egea, critic\u00f3 desde Ibiza a un [&hellip;]<\/p>\n","protected":false},"author":2,"featured_media":52579,"comment_status":"open","ping_status":"closed","sticky":false,"template":"","format":"standard","meta":{"footnotes":""},"categories":[6],"tags":[],"class_list":["post-52578","post","type-post","status-publish","format-standard","has-post-thumbnail","hentry","category-spanish"],"_links":{"self":[{"href":"https:\/\/theworldwidejournal.com\/index.php?rest_route=\/wp\/v2\/posts\/52578","targetHints":{"allow":["GET"]}}],"collection":[{"href":"https:\/\/theworldwidejournal.com\/index.php?rest_route=\/wp\/v2\/posts"}],"about":[{"href":"https:\/\/theworldwidejournal.com\/index.php?rest_route=\/wp\/v2\/types\/post"}],"author":[{"embeddable":true,"href":"https:\/\/theworldwidejournal.com\/index.php?rest_route=\/wp\/v2\/users\/2"}],"replies":[{"embeddable":true,"href":"https:\/\/theworldwidejournal.com\/index.php?rest_route=%2Fwp%2Fv2%2Fcomments&post=52578"}],"version-history":[{"count":0,"href":"https:\/\/theworldwidejournal.com\/index.php?rest_route=\/wp\/v2\/posts\/52578\/revisions"}],"wp:featuredmedia":[{"embeddable":true,"href":"https:\/\/theworldwidejournal.com\/index.php?rest_route=\/wp\/v2\/media\/52579"}],"wp:attachment":[{"href":"https:\/\/theworldwidejournal.com\/index.php?rest_route=%2Fwp%2Fv2%2Fmedia&parent=52578"}],"wp:term":[{"taxonomy":"category","embeddable":true,"href":"https:\/\/theworldwidejournal.com\/index.php?rest_route=%2Fwp%2Fv2%2Fcategories&post=52578"},{"taxonomy":"post_tag","embeddable":true,"href":"https:\/\/theworldwidejournal.com\/index.php?rest_route=%2Fwp%2Fv2%2Ftags&post=52578"}],"curies":[{"name":"wp","href":"https:\/\/api.w.org\/{rel}","templated":true}]}}