{"id":52706,"date":"1970-01-01T01:00:00","date_gmt":"1970-01-01T00:00:00","guid":{"rendered":"https:\/\/theworldwidejournal.com\/1970\/01\/01\/los-secesionistas-y-la-izquierda-radical-fijan-su-objetivo-en-felipe-vi\/"},"modified":"1970-01-01T01:00:00","modified_gmt":"1970-01-01T00:00:00","slug":"los-secesionistas-y-la-izquierda-radical-fijan-su-objetivo-en-felipe-vi","status":"publish","type":"post","link":"https:\/\/theworldwidejournal.com\/?p=52706","title":{"rendered":"Los secesionistas y la izquierda radical fijan su objetivo en Felipe VI"},"content":{"rendered":"<p>El llamado \u00abr\u00e9gimen del 78\u00bb se ha convertido en la pieza m\u00e1s anhelada por los grupos antisistema y secesionistas, que son plenamente conscientes de que solo en un escenario de m\u00e1xima desestabilizaci\u00f3n en Espa\u00f1a pueden tener una m\u00ednima posibilidad de imponer sus posiciones. El fin de la Monarqu\u00eda, seg\u00fan su an\u00e1lisis, es el paso previo imprescindible para conseguirlo. Los servicios de Inteligencia e Informaci\u00f3n ya advert\u00edan de este escenario en 2015, tal como inform\u00f3 ABC entonces, y en la actualidad la intensidad de la amenaza no solo no ha disminuido, sino que se hace todav\u00eda m\u00e1s evidente. Los dos sectores pol\u00edticos citados coinciden en el objetivo de romper el Estado y dar paso a un modelo confederal, para lo cual consideran \u00abclave e imprescindible\u00bb el derrocamiento de Felipe VI, \u00absi es posible con la celebraci\u00f3n de un refer\u00e9ndum\u00bb. Luego, \u00abpor efecto domin\u00f3 caer\u00eda el resto del r\u00e9gimen del 78\u00bb. La crisis abierta por el desaf\u00edo independentista catal\u00e1n en octubre del pasado a\u00f1o, que oblig\u00f3 al Rey a intervenir en t\u00e9rminos contundentes para detener el golpe de Estado que se pretend\u00eda dar desde la Generalitat, ha sido aprovechada por los secesionistas para desgastar la figura de Don Felipe. De hecho Quim Torra estren\u00f3 su presidencia con el veto al Jefe del Estado y alg\u00fan ayuntamiento, como el de Gerona, lo ha declarado \u00abpersona no grata\u00bb. En los \u00faltimos meses, adem\u00e1s, se han producido dos episodios, sin duda graves, que han servido a antisistema e independentistas para su maniobra de acoso y derribo a la instituci\u00f3n: la entrada en la prisi\u00f3n de Brieva (\u00c1vila) de I\u00f1aki Urgangarin por el caso N\u00f3os, y la divulgaci\u00f3n de grabaciones hechas por el excomisario Jos\u00e9 Manuel Villarejo a Corinna Larsen , la \u00abexamiga entra\u00f1able\u00bb de Don Juan Carlos. Alianzas contra natura Es llamativo que mundos aparentemente tan distantes como el del independentismo catal\u00e1n m\u00e1s conservador, representado por el PDECat, ERC y los grupos de la izquierda m\u00e1s radical, como es la CUP, y los sectores m\u00e1s duros de Podemos, se hayan puesto de acuerdo en el objetivo de acabar con el \u00abr\u00e9gimen del 78\u00bb y muy especialmente con la Monarqu\u00eda. Consideran que estamos en un momento pol\u00edtico \u00abmuy interesante\u00bb para sus objetivos, con un caldo de cultivo propicio para imponer ese nuevo modelo de Estado que anhelan. El progresivo debilitamiento del centro derecha, sobre todo por los episodios de corrupci\u00f3n en el Partido Popular, y la falta de un liderazgo fuerte en el PSOE -Pedro S\u00e1nchez, tras dos meses en Moncloa, no es percibido a\u00fan por los ciudadanos como un responsable pol\u00edtico con peso espec\u00edfico-, tampoco ayudan a construir un relato convincente. Esto es aplicable sobre todo para las nuevas generaciones, un relato que ponga en valor el \u00abr\u00e9gimen del 78\u00bb, que es el que ha tra\u00eddo a Espa\u00f1a sus mayores cotas de bienestar y libertad. Es m\u00e1s; el Gobierno no ha tenido un discurso n\u00edtido en defensa de la instituci\u00f3n. El Rey Felipe VI junto al presidente del Gobierno Pedro S\u00e1nchez (c), y el presidente de la Generalitat Quim Torra (d), durante la inauguraci\u00f3n de los Juegos Mediterr\u00e1neos &#8211; EFE En la rueda de prensa del viernes se le pregunt\u00f3 al jefe del Ejecutivo sobre unas palabras suyas de 2014, en las que sosten\u00eda que la Monarqu\u00eda deb\u00eda ser \u00abrenovada\u00bb y \u00abejemplar\u00bb, y que era necesario quitar prerrogativas como el principio de inviolabilidad del Rey. S\u00e1nchez, sorprendido, respondi\u00f3 que esa ejemplaridad era ya un hecho hoy, sin extenderse m\u00e1s sobre el asunto. Desde 2015 se han detectado reuniones entre personas de la izquierda radical y secesionistas en las que se ha constatado la importancia cada vez mayor de los movimientos populares, especialmente en Catalu\u00f1a. En esta comunidad, la irrupci\u00f3n de los CDR, instrumentos de control social inspirados en los Comit\u00e9s de Defensa de la Revoluci\u00f3n cubanos, est\u00e1n capitalizando el enfrentamiento con el Estado, incluso con la utilizaci\u00f3n de medios violentos. Cada visita de Felipe VI a Catalu\u00f1a es aprovechada por estos grupos para intensificar su campa\u00f1a de rechazo a la Monarqu\u00eda. Papel complejo El papel de Podemos en todo este asunto es complejo. Su l\u00edder, Pablo Iglesias, ha abogado p\u00fablicamente por acabar con el \u00abr\u00e9gimen del 78\u00bb y exigido un refer\u00e9ndum sobre la forma de Estado, monarqu\u00eda o rep\u00fablica. Asimismo juega a la ambig\u00fcedad con la unidad de Espa\u00f1a y apuesta por el derecho a decidir de los pueblos. Este discurso es el \u00fanico que le puede dar alg\u00fan resultado en Catalu\u00f1a, pero a cambio de perder apoyos en el resto de Espa\u00f1a. Incluso en la propia formaci\u00f3n morada hay distintas sensibilidades al respecto. Esta estrategia de derrocar la Monaqu\u00eda para dar paso a un nuevo modelo de Estado confederal llega, como se ha se\u00f1alado, en un momento delicado para la instituci\u00f3n. Los \u00faltimos a\u00f1os de reinado de Don Juan Carlos ya fueron muy complicados, con el estallido del caso N\u00f3os y esc\u00e1ndalos como el de la cacer\u00eda de Botswana en plena crisis econ\u00f3mica. Su abdicaci\u00f3n y la proclamaci\u00f3n de Don Felipe como Rey fueron una bolsa de ox\u00edgeno. Don Felipe, en un momento del discurso que dirigi\u00f3 ayer a la Naci\u00f3n desde su despacho de La Zarzuela &#8211; ABC Lamentablemente, de nuevo hay marejada en torno a la Casa Real. La imagen de transparencia y ejemplaridad que ha ofrecido Don Felipe desde el primer momento se ven ahora empa\u00f1adas por el chantaje al Estado que, en palabras del director del CNI, F\u00e9lix Sanz Rold\u00e1n, pretende hacer el excomisario Villarejo para salir de prisi\u00f3n. Aliado circunstancial Este individuo, que asegura haber hecho grandes servicios a Espa\u00f1a y que ha estado protegido por gobiernos tanto del PSOE como del PP mientras se hac\u00eda millonario con pr\u00e1cticas presuntamente ilegales, es ahora aliado circunstancial de los secesionistas y de la izquierda radical. Y puede serlo a\u00fan m\u00e1s si, como advierte su entorno, difunde m\u00e1s material que podr\u00eda tener relaci\u00f3n con las investigaciones del independentismo catal\u00e1n. Con todo, la divulgaci\u00f3n parcial de las grabaciones que el expolic\u00eda hizo a Corinna Larsen en 2015 en Londres, en las que la&hellip;<br \/>\nVia: <a href=\"https:\/\/www.abc.es\/espana\/abci-secesionistas-y-izquierda-radical-fijan-objetivo-felipe-201808050156_noticia.html\" target=\"_blank\">Los secesionistas y la izquierda radical fijan su objetivo en Felipe VI<\/a><\/p>\n","protected":false},"excerpt":{"rendered":"<p>El llamado \u00abr\u00e9gimen del 78\u00bb se ha convertido en la pieza m\u00e1s anhelada por los grupos antisistema y secesionistas, que son plenamente conscientes de que solo en un escenario de m\u00e1xima desestabilizaci\u00f3n en Espa\u00f1a pueden tener una m\u00ednima posibilidad de imponer sus posiciones. El fin de la Monarqu\u00eda, seg\u00fan su [&hellip;]<\/p>\n","protected":false},"author":2,"featured_media":52707,"comment_status":"open","ping_status":"closed","sticky":false,"template":"","format":"standard","meta":{"footnotes":""},"categories":[6],"tags":[],"class_list":["post-52706","post","type-post","status-publish","format-standard","has-post-thumbnail","hentry","category-spanish"],"_links":{"self":[{"href":"https:\/\/theworldwidejournal.com\/index.php?rest_route=\/wp\/v2\/posts\/52706","targetHints":{"allow":["GET"]}}],"collection":[{"href":"https:\/\/theworldwidejournal.com\/index.php?rest_route=\/wp\/v2\/posts"}],"about":[{"href":"https:\/\/theworldwidejournal.com\/index.php?rest_route=\/wp\/v2\/types\/post"}],"author":[{"embeddable":true,"href":"https:\/\/theworldwidejournal.com\/index.php?rest_route=\/wp\/v2\/users\/2"}],"replies":[{"embeddable":true,"href":"https:\/\/theworldwidejournal.com\/index.php?rest_route=%2Fwp%2Fv2%2Fcomments&post=52706"}],"version-history":[{"count":0,"href":"https:\/\/theworldwidejournal.com\/index.php?rest_route=\/wp\/v2\/posts\/52706\/revisions"}],"wp:featuredmedia":[{"embeddable":true,"href":"https:\/\/theworldwidejournal.com\/index.php?rest_route=\/wp\/v2\/media\/52707"}],"wp:attachment":[{"href":"https:\/\/theworldwidejournal.com\/index.php?rest_route=%2Fwp%2Fv2%2Fmedia&parent=52706"}],"wp:term":[{"taxonomy":"category","embeddable":true,"href":"https:\/\/theworldwidejournal.com\/index.php?rest_route=%2Fwp%2Fv2%2Fcategories&post=52706"},{"taxonomy":"post_tag","embeddable":true,"href":"https:\/\/theworldwidejournal.com\/index.php?rest_route=%2Fwp%2Fv2%2Ftags&post=52706"}],"curies":[{"name":"wp","href":"https:\/\/api.w.org\/{rel}","templated":true}]}}