{"id":52712,"date":"1970-01-01T01:00:00","date_gmt":"1970-01-01T00:00:00","guid":{"rendered":"https:\/\/theworldwidejournal.com\/1970\/01\/01\/los-ultimos-coletazos-de-la-ola-de-calor-dejan-temperaturas-de-record-en-toda-espana\/"},"modified":"1970-01-01T01:00:00","modified_gmt":"1970-01-01T00:00:00","slug":"los-ultimos-coletazos-de-la-ola-de-calor-dejan-temperaturas-de-record-en-toda-espana","status":"publish","type":"post","link":"https:\/\/theworldwidejournal.com\/?p=52712","title":{"rendered":"Los \u00faltimos coletazos de la ola de calor dejan temperaturas de r\u00e9cord en toda Espa\u00f1a"},"content":{"rendered":"<p>A tan solo dos d\u00edas de dar por concluida la primera ola de calor del verano, las temperaturas comenzaron a descender, pero no fue un impedimento para que los term\u00f3metros espa\u00f1oles volvieran a batir r\u00e9cords. Este s\u00e1bado ha sido el d\u00eda m\u00e1s caluroso en Extremadura desde que se tienen registros. En Badajoz se superaron los 46\u00ba, una m\u00e1xima nunca antes registrada en la comunidad y que supera los 45,4\u00ba conseguidos durante el mes de julio de 2017. C\u00f3rdoba lleg\u00f3 a alcanzar a las cuatro de la tarde los 44,2\u00ba, su temperatura m\u00e1s elevada desde el comienzo de 2018. El a\u00f1o pasado, la provincia andaluza lleg\u00f3 a posicionarse en los 47,3\u00ba, marcando as\u00ed en el mes de julio el record de calor del a\u00f1o. La m\u00e1xima del s\u00e1bado se vivi\u00f3 por segundo d\u00eda consecutivo en Huelva. El municipio de El Granado lleg\u00f3 a los 46,6\u00ba, un dato m\u00e1s caluroso que el de la jornada anterior, cuando sus vecinos pasaron el d\u00eda a 46,2\u00ba. En C\u00f3rdoba alcanzaron los 45\u00ba. Un total de 37 provincias est\u00e1n este domingo en alerta por las altas temperauras seg\u00fan la Agencia Estatal de Meteorolog\u00eda (AEMET). Aun as\u00ed, las m\u00e1ximas previstas, 43\u00ba en Badajoz y 41\u00ba en C\u00e1ceres y C\u00f3rdoba bajan respecto a las temperaturas que se han vivido en el pa\u00eds estos d\u00edas. Estas dos \u00faltimas ciudades (C\u00f3rdoba y Badajoz), dejan de estar en riesgo extremo por calor, las dos \u00fanicas provincias que presentaron el pasado s\u00e1bado este nivel de alerta. Se espera que el cuadrante suroeste peninsular, el litoral de Catalu\u00f1a y el sur de Galicia sean las zonas con mayor incidencia de calor. Desde la Aemet avisan de la posibilidad de calimas en Galicia y Canarias, y de brumas matinales en el este de Galicia y Asturias. Riesgo m\u00e1ximo de incendio El mapa de riesgo de incendios refleja que todo el pa\u00eds contin\u00faa sometido a riego alto, muy alto o extremo. Durante la jornada del s\u00e1bado se declararon varios incendios a lo largo de Espa\u00f1a. Un fuego en una zona de bosque de Almuradiel (Ciudad Real) fue controlado poco despu\u00e9s de las siete de la tarde. Un incendio en un territorio de pinar de San Vicente de Alc\u00e1ntara (Badajoz), fue, durante la tarde de ayer, declarado de Nivel 1 de peligrosidad. Tambi\u00e9n un foco, controlado por la tarde en La Jonquera (Girona). El incendio de Nerva (Huelva), continu\u00f3 durante la jornada estabilizado y los cuerpos de rescate continuaron intentando extinguir las llamas. La llamas recorrieron ayer un campo de eucalipto en la regi\u00f3n portuguesa de El Algarve y, de manera preventiva, se desalojaron dos aldeas. Siete medios a\u00e9reos, 192 veh\u00edculos de extinci\u00f3n y 733 bomberos pasaron la jornada intentado estabilizar el fuego. Un incendio corta la AP-7 en Gerona Las altas temperaturas, la baja humedad y una ligera brisa favorecieron la declaraci\u00f3n de un incendio de vegetaci\u00f3n ayer a media tarde en La Jonquera (Gerona) que oblig\u00f3 a cortar totalmente la autopista AP-7 as\u00ed como la N-II en uno de sus dos sentidos durante m\u00e1s de una hora en uno de los d\u00edas del a\u00f1o con m\u00e1s tr\u00e1fico en esta zona fronterera. A pesar de las dif\u00edciles condiciones meteorol\u00f3gicas, en el d\u00eda m\u00e1s caluroso del a\u00f1o en Catalu\u00f1a -donde los term\u00f3metros superaron los 40\u00ba- los Bomberos de la Generalitat, en colaboraci\u00f3n efectivos franceses, pudieron controlar el fuego. Las temperaturas extremas y la escasez de lluvias recientes hace que estos d\u00edas la posibilidad de incendios sea la mayor de todo el verano, en un a\u00f1o que hasta ahora hab\u00eda tenido poco riesgo por las lluvias acumuladas durante el invierno.<br \/>\nVia: <a href=\"https:\/\/www.abc.es\/sociedad\/abci-ultimos-coletazos-calor-dejan-temperaturas-record-toda-espana-201808050209_noticia.html\" target=\"_blank\">Los \u00faltimos coletazos de la ola de calor dejan temperaturas de r\u00e9cord en toda Espa\u00f1a<\/a><\/p>\n","protected":false},"excerpt":{"rendered":"<p>A tan solo dos d\u00edas de dar por concluida la primera ola de calor del verano, las temperaturas comenzaron a descender, pero no fue un impedimento para que los term\u00f3metros espa\u00f1oles volvieran a batir r\u00e9cords. Este s\u00e1bado ha sido el d\u00eda m\u00e1s caluroso en Extremadura desde que se tienen registros. [&hellip;]<\/p>\n","protected":false},"author":2,"featured_media":52713,"comment_status":"open","ping_status":"closed","sticky":false,"template":"","format":"standard","meta":{"footnotes":""},"categories":[6],"tags":[],"class_list":["post-52712","post","type-post","status-publish","format-standard","has-post-thumbnail","hentry","category-spanish"],"_links":{"self":[{"href":"https:\/\/theworldwidejournal.com\/index.php?rest_route=\/wp\/v2\/posts\/52712","targetHints":{"allow":["GET"]}}],"collection":[{"href":"https:\/\/theworldwidejournal.com\/index.php?rest_route=\/wp\/v2\/posts"}],"about":[{"href":"https:\/\/theworldwidejournal.com\/index.php?rest_route=\/wp\/v2\/types\/post"}],"author":[{"embeddable":true,"href":"https:\/\/theworldwidejournal.com\/index.php?rest_route=\/wp\/v2\/users\/2"}],"replies":[{"embeddable":true,"href":"https:\/\/theworldwidejournal.com\/index.php?rest_route=%2Fwp%2Fv2%2Fcomments&post=52712"}],"version-history":[{"count":0,"href":"https:\/\/theworldwidejournal.com\/index.php?rest_route=\/wp\/v2\/posts\/52712\/revisions"}],"wp:featuredmedia":[{"embeddable":true,"href":"https:\/\/theworldwidejournal.com\/index.php?rest_route=\/wp\/v2\/media\/52713"}],"wp:attachment":[{"href":"https:\/\/theworldwidejournal.com\/index.php?rest_route=%2Fwp%2Fv2%2Fmedia&parent=52712"}],"wp:term":[{"taxonomy":"category","embeddable":true,"href":"https:\/\/theworldwidejournal.com\/index.php?rest_route=%2Fwp%2Fv2%2Fcategories&post=52712"},{"taxonomy":"post_tag","embeddable":true,"href":"https:\/\/theworldwidejournal.com\/index.php?rest_route=%2Fwp%2Fv2%2Ftags&post=52712"}],"curies":[{"name":"wp","href":"https:\/\/api.w.org\/{rel}","templated":true}]}}