{"id":52847,"date":"1970-01-01T01:00:00","date_gmt":"1970-01-01T00:00:00","guid":{"rendered":"https:\/\/theworldwidejournal.com\/1970\/01\/01\/eramos-sospechosos-del-atentado-a-maduro-por-llevar-chalecos-antibalas-segun-los-periodistas-detenidos\/"},"modified":"1970-01-01T01:00:00","modified_gmt":"1970-01-01T00:00:00","slug":"eramos-sospechosos-del-atentado-a-maduro-por-llevar-chalecos-antibalas-segun-los-periodistas-detenidos","status":"publish","type":"post","link":"https:\/\/theworldwidejournal.com\/?p=52847","title":{"rendered":"\u00ab\u00c9ramos sospechosos del atentado a Maduro por llevar chalecos antibalas\u00bb, seg\u00fan los periodistas detenidos"},"content":{"rendered":"<p>Una lluvia repentina aceler\u00f3 la clausura del acto de la Guardia Nacional donde se encontraba este s\u00e1bado Nicol\u00e1s Maduro y su comitiva. Los periodistas \u2013todos acreditados con brazaletes amarillos del Ministerio de la Comunica\u2013 estaban en la tribuna de prensa ubicada en el lateral derecho del palco presidencial recogiendo sus equipos cuando escucharon la primera detonaci\u00f3n que \u00abfue lejana\u00bb. En ese momento, a las 17.41 (hora local) los reporteros encienden las c\u00e1maras para comenzar a grabar, cuando se escucha una segunda detonaci\u00f3n m\u00e1s fuerte. \u00abUn oficial de la Guardia de Honor se acerc\u00f3 y nos dijo que no grab\u00e1ramos; como no hicimos caso nos quit\u00f3 la c\u00e1mara\u00bb, relata a ABC Alejandro Carre\u00f1o, reportero del canal Globovisi\u00f3n. Seg\u00fan los periodistas que se encontraban en el lugar, los efectivos de la Contrainteligencia Militar (Dgcim) fueron a por ellos para evitar que salieran im\u00e1genes en vivo. De hecho, les borraron el material antes de devolverles los equipos. \u00abMe quitaron el m\u00f3vil, me intentaron ahogar y despu\u00e9s me estrellaron la cabeza contra la tribuna para quitarme la c\u00e1mara\u00bb, cuenta Carre\u00f1o despu\u00e9s de que le pusieron tres puntos en la ceja derecha. \u00c9l, junto a otros compa\u00f1eros de la prensa, estuvieron detenidos e incomunicados por m\u00e1s de cinco horas en la sede del Dgcim en Bole\u00edta. Por Twitter el Sindicato de Prensa denunciaba: \u00abSe desconoce el paradero de los periodistas y trabajadores de VIVOPlay y TVVenezuela. Neidy Freytes, C\u00e9sar D\u00edaz y Alfredo Valera, permanecen desaparecidos\u00bb. Neidy Freytes se moviliz\u00f3 con su equipo hasta la avenida Bol\u00edvar para transmitir en vivo. Despu\u00e9s de dos pases hechos dentro del veh\u00edculo, los intercept\u00f3 la Guardia, quienes se suben al coche, les quitan los micr\u00f3fonos y apagan el transmisor. \u00abNos dicen que hab\u00edamos violado el espacio de seguridad. La alarma fue cuando vieron los chalecos antibalas que tenemos y nos dijeron que \u00e9ramos sospechosos del atentado porque sab\u00edamos lo que iba a ocurrir\u00bb, se\u00f1ala Freytes a este peri\u00f3dico. Dentro de los detenidos tambi\u00e9n estuvo C\u00e9sar Saavedra (Telemundo), Fernando LLano (AP) y Yornel Morales (Caracol).<br \/>\nVia: <a href=\"https:\/\/www.abc.es\/internacional\/abci-eramos-sospechosos-atentado-maduro-llevar-chalecos-antibalas-segun-periodistas-detenidos-201808060306_noticia.html\" target=\"_blank\">\u00ab\u00c9ramos sospechosos del atentado a Maduro por llevar chalecos antibalas\u00bb, seg\u00fan los periodistas detenidos<\/a><\/p>\n","protected":false},"excerpt":{"rendered":"<p>Una lluvia repentina aceler\u00f3 la clausura del acto de la Guardia Nacional donde se encontraba este s\u00e1bado Nicol\u00e1s Maduro y su comitiva. Los periodistas \u2013todos acreditados con brazaletes amarillos del Ministerio de la Comunica\u2013 estaban en la tribuna de prensa ubicada en el lateral derecho del palco presidencial recogiendo sus [&hellip;]<\/p>\n","protected":false},"author":2,"featured_media":52848,"comment_status":"open","ping_status":"closed","sticky":false,"template":"","format":"standard","meta":{"footnotes":""},"categories":[6],"tags":[],"class_list":["post-52847","post","type-post","status-publish","format-standard","has-post-thumbnail","hentry","category-spanish"],"_links":{"self":[{"href":"https:\/\/theworldwidejournal.com\/index.php?rest_route=\/wp\/v2\/posts\/52847","targetHints":{"allow":["GET"]}}],"collection":[{"href":"https:\/\/theworldwidejournal.com\/index.php?rest_route=\/wp\/v2\/posts"}],"about":[{"href":"https:\/\/theworldwidejournal.com\/index.php?rest_route=\/wp\/v2\/types\/post"}],"author":[{"embeddable":true,"href":"https:\/\/theworldwidejournal.com\/index.php?rest_route=\/wp\/v2\/users\/2"}],"replies":[{"embeddable":true,"href":"https:\/\/theworldwidejournal.com\/index.php?rest_route=%2Fwp%2Fv2%2Fcomments&post=52847"}],"version-history":[{"count":0,"href":"https:\/\/theworldwidejournal.com\/index.php?rest_route=\/wp\/v2\/posts\/52847\/revisions"}],"wp:featuredmedia":[{"embeddable":true,"href":"https:\/\/theworldwidejournal.com\/index.php?rest_route=\/wp\/v2\/media\/52848"}],"wp:attachment":[{"href":"https:\/\/theworldwidejournal.com\/index.php?rest_route=%2Fwp%2Fv2%2Fmedia&parent=52847"}],"wp:term":[{"taxonomy":"category","embeddable":true,"href":"https:\/\/theworldwidejournal.com\/index.php?rest_route=%2Fwp%2Fv2%2Fcategories&post=52847"},{"taxonomy":"post_tag","embeddable":true,"href":"https:\/\/theworldwidejournal.com\/index.php?rest_route=%2Fwp%2Fv2%2Ftags&post=52847"}],"curies":[{"name":"wp","href":"https:\/\/api.w.org\/{rel}","templated":true}]}}