{"id":52851,"date":"1970-01-01T01:00:00","date_gmt":"1970-01-01T00:00:00","guid":{"rendered":"https:\/\/theworldwidejournal.com\/1970\/01\/01\/un-acuerdo-marco-letal\/"},"modified":"1970-01-01T01:00:00","modified_gmt":"1970-01-01T00:00:00","slug":"un-acuerdo-marco-letal","status":"publish","type":"post","link":"https:\/\/theworldwidejournal.com\/?p=52851","title":{"rendered":"Un acuerdo marco letal"},"content":{"rendered":"<p>Todo, absolutamente todo lo que est\u00e1 sucediendo en t\u00e9rminos pol\u00edticos en Espa\u00f1a no puede sorprendernos, porque nada de lo que sucede es fruto de la casualidad y del azar. Hace m\u00e1s de una d\u00e9cada, a partir del a\u00f1o 2004, el Gobierno presidido por Rodr\u00edguez Zapatero y ETA suscribieron un compromiso que para comprender su significado podr\u00edamos caracterizar e identificar como un \u00abacuerdo marco\u00bb. Ambos protagonistas acordaron un proceso una vez que no fueron capaces de alcanzar un acuerdo concreto sobre la \u00fanica y gran reivindicaci\u00f3n del movimiento nacionalista: la autodeterminaci\u00f3n, el derecho a decidir, el derecho unilateral de secesi\u00f3n, escojan ustedes la denominaci\u00f3n m\u00e1s adecuada. El proceso pactado, que se formul\u00f3 en t\u00e9rminos de proyecto \u00abest\u00e1ndar\u00bb de resoluci\u00f3n de conflictos, consist\u00eda b\u00e1sicamente en lo siguiente: ETA dejaba de matar y Rodr\u00edguez Zapatero se compromet\u00eda a una transformaci\u00f3n radical de Espa\u00f1a en t\u00e9rminos morales, territoriales y de car\u00e1cter social. El indudable precio que se pag\u00f3 a ETA fue la apertura de un proceso que arrancaba con la paz, con el cese definitivo del terrorismo y de final incierto en t\u00e9rminos pol\u00edticos. Un proceso que, sin embargo, no era inocuo para el constitucionalismo espa\u00f1ol, ni sobre todo inofensivo para nuestra jerarqu\u00eda de valores, como se ha ido comprobando a lo largo de estos a\u00f1os. El proyecto pol\u00edtico de Rodr\u00edguez Zapatero significaba la marginaci\u00f3n y el aislamiento del Partido Popular, versus pacto catal\u00e1n de Tinell, y simult\u00e1neamente, la incorporaci\u00f3n progresiva de ETA y de su proyecto a la democracia espa\u00f1ola. En consecuencia, ello significaba impulsar un inequ\u00edvoco \u00abvista la izquierda\u00bb, utilizando un s\u00edmil militar, en todos los \u00e1mbitos, singularmente en el orden cultural y moral. El proceso arranc\u00f3, fue dando sus frutos y paulatinamente, hizo que tanto el Partido Popular como el Partido Socialista perdieran su raz\u00f3n de ser y de existir en Catalu\u00f1a y en el Pa\u00eds Vasco. Sin embargo, sucedi\u00f3 algo fuera de gui\u00f3n, y la derivada de aquella crisis en t\u00e9rminos pol\u00edticos y financieros de aquellos a\u00f1os expuls\u00f3 a Rodr\u00edguez Zapatero del Gobierno y de esta manera lleg\u00f3 al poder de nuevo el Partido Popular, presidido por Mariano Rajoy en el a\u00f1o 2011. Con la llegada del Gobierno del PP, Espa\u00f1a afront\u00f3 la crisis econ\u00f3mica y financiera con \u00e9xito y determinaci\u00f3n, pero se decidi\u00f3 -cuanto menos- mirar hacia otro lado respecto del proceso que Rodr\u00edguez Zapatero y ETA hab\u00edan puesto en marcha. No se puede olvidar que antes de este acuerdo marco, tanto los nacionalistas vascos y catalanes hab\u00edan pactado con ETA su proyecto de ruptura, en Estella en septiembre de 1998 y posteriormente en Perpi\u00f1\u00e1n en enero de 2004. Por todo ello, tras el ef\u00edmero Plan Ibarretxe, el proceso impulsa que el nacionalismo catal\u00e1n sustituya a ETA en la vanguardia de la ruptura del movimiento nacionalista, y de esta manera llega el \u00abproc\u00e9s\u00bb. Mal que les pese a muchos nacionalistas catalanes, el \u00abproc\u00e9s\u00bb es un corolario del proceso en el que, recordemos, inicialmente no estaban ni el PNV ni la antigua Converg\u00e8ncia y Uni\u00f3. Lo mismo sucede el pasado mes de mayo en la localidad francesa de Camb\u00f3, donde tiene lugar lo que ha sido un punto y seguido de la necesaria metamorfosis de ETA, que aparentemente pasa de una organizaci\u00f3n terrorista a una formaci\u00f3n pol\u00edtica. Digo \u00abaparentemente\u00bb porque la naturaleza profunda de ETA, la raz\u00f3n por la que naci\u00f3 ETA, fue para romper Espa\u00f1a, pero aquella vez sin l\u00edmites morales. El 5 de mayo de este a\u00f1o, con la solemnizaci\u00f3n propia de los proyectos de resoluci\u00f3n de conflictos, con la permanente e inequ\u00edvoca presencia de los mediadores internacionales, se daba un paso decisivo en su legalizaci\u00f3n, uno m\u00e1s, para de este modo avanzar en una legitimaci\u00f3n social y pol\u00edtica como la \u00fanica alternativa al PNV, una vez que el proceso hab\u00eda pulverizado este papel para el constitucionalismo espa\u00f1ol. El tercer hito que destacar\u00eda es el frente popular populista-nacionalista que se constituye en Espa\u00f1a el pasado mes de junio, tras una moci\u00f3n de censura contra el presidente Rajoy. La moci\u00f3n de censura tras la publicaci\u00f3n de la sentencia del caso G\u00fcrtel fue un pretexto, una mera excusa. El frente popular populista-nacionalista es simplemente otra consecuencia de aquel acuerdo marco, de aquella direcci\u00f3n emprendida. El presidente S\u00e1nchez contin\u00faa simplemente la estela del proyecto Zapatero, de una alianza potencial con ETA, y lo intenta en el arranque de la legislatura, pero la impaciencia desmesurada de Podemos y el l\u00f3gico temor y miedo de una buena parte del PSOE lo impidi\u00f3. Pero antes que despu\u00e9s, en la primera ocasi\u00f3n y pretexto, una vez que Pedro S\u00e1nchez recupera el poder en su partido, lo iba a volver a intentar y as\u00ed lo hizo. El acuerdo marco, hablo ya del presente y del futuro inmediato, tiene que actualizarse y traducirse en t\u00e9rminos pol\u00edticos m\u00e1s all\u00e1 del \u00abproc\u00e9s\u00bb, de la metamorfosis de ETA y del reci\u00e9n llegado frente popular. Aquel proceso que se puso en marcha tendr\u00e1 que cristalizar en algo m\u00e1s que en una fotograf\u00eda. Tiene que concluir en un nuevo proceso, un proceso llam\u00e9moslo \u00abpseudo constituyente\u00bb, que arranque con la reforma del Estatuto de Catalu\u00f1a y culmine con la reforma de la Constituci\u00f3n espa\u00f1ola, como ya han dejado caer tanto el presidente S\u00e1nchez como su ministra de Pol\u00edtica Territorial y Funci\u00f3n P\u00fablica. Los n\u00fameros hoy es verdad que no salen, pero el proceso es el proceso, tiene un car\u00e1cter din\u00e1mico y ya tratar\u00e1n de volver a enga\u00f1ar a los espa\u00f1oles y a otras fuerzas pol\u00edticas con la consideraci\u00f3n de que el actual empate infinito, esta vez no con ETA, sino con el conjunto del nacionalismo, exige la reforma de la Constituci\u00f3n. Dir\u00e1n que es urgente la incorporaci\u00f3n al bloque de la constitucionalidad de nuevos y falsos derechos, que hay que encontrar f\u00f3rmulas de di\u00e1logo que transformen en legal lo que hoy es ilegal, que el modelo de Quebec es \u00fatil y que debe llegar a Espa\u00f1a, que si apostamos por una Espa\u00f1a como naci\u00f3n de naciones, ello tendr\u00e1 que tener expresi\u00f3n pol\u00edtica, que debe existir una ley de car\u00e1cter nacional que pueda abrir&hellip;<br \/>\nVia: <a href=\"https:\/\/www.abc.es\/opinion\/abci-acuerdo-marco-letal-201808060311_noticia.html\" target=\"_blank\">Un acuerdo marco letal<\/a><\/p>\n","protected":false},"excerpt":{"rendered":"<p>Todo, absolutamente todo lo que est\u00e1 sucediendo en t\u00e9rminos pol\u00edticos en Espa\u00f1a no puede sorprendernos, porque nada de lo que sucede es fruto de la casualidad y del azar. Hace m\u00e1s de una d\u00e9cada, a partir del a\u00f1o 2004, el Gobierno presidido por Rodr\u00edguez Zapatero y ETA suscribieron un compromiso [&hellip;]<\/p>\n","protected":false},"author":2,"featured_media":52852,"comment_status":"open","ping_status":"closed","sticky":false,"template":"","format":"standard","meta":{"footnotes":""},"categories":[6],"tags":[],"class_list":["post-52851","post","type-post","status-publish","format-standard","has-post-thumbnail","hentry","category-spanish"],"_links":{"self":[{"href":"https:\/\/theworldwidejournal.com\/index.php?rest_route=\/wp\/v2\/posts\/52851","targetHints":{"allow":["GET"]}}],"collection":[{"href":"https:\/\/theworldwidejournal.com\/index.php?rest_route=\/wp\/v2\/posts"}],"about":[{"href":"https:\/\/theworldwidejournal.com\/index.php?rest_route=\/wp\/v2\/types\/post"}],"author":[{"embeddable":true,"href":"https:\/\/theworldwidejournal.com\/index.php?rest_route=\/wp\/v2\/users\/2"}],"replies":[{"embeddable":true,"href":"https:\/\/theworldwidejournal.com\/index.php?rest_route=%2Fwp%2Fv2%2Fcomments&post=52851"}],"version-history":[{"count":0,"href":"https:\/\/theworldwidejournal.com\/index.php?rest_route=\/wp\/v2\/posts\/52851\/revisions"}],"wp:featuredmedia":[{"embeddable":true,"href":"https:\/\/theworldwidejournal.com\/index.php?rest_route=\/wp\/v2\/media\/52852"}],"wp:attachment":[{"href":"https:\/\/theworldwidejournal.com\/index.php?rest_route=%2Fwp%2Fv2%2Fmedia&parent=52851"}],"wp:term":[{"taxonomy":"category","embeddable":true,"href":"https:\/\/theworldwidejournal.com\/index.php?rest_route=%2Fwp%2Fv2%2Fcategories&post=52851"},{"taxonomy":"post_tag","embeddable":true,"href":"https:\/\/theworldwidejournal.com\/index.php?rest_route=%2Fwp%2Fv2%2Ftags&post=52851"}],"curies":[{"name":"wp","href":"https:\/\/api.w.org\/{rel}","templated":true}]}}