{"id":52919,"date":"1970-01-01T01:00:00","date_gmt":"1970-01-01T00:00:00","guid":{"rendered":"https:\/\/theworldwidejournal.com\/1970\/01\/01\/realizan-una-pintada-en-la-fachada-de-la-catedral-de-santiago\/"},"modified":"1970-01-01T01:00:00","modified_gmt":"1970-01-01T00:00:00","slug":"realizan-una-pintada-en-la-fachada-de-la-catedral-de-santiago","status":"publish","type":"post","link":"https:\/\/theworldwidejournal.com\/?p=52919","title":{"rendered":"Realizan una pintada en la fachada de la Catedral de Santiago"},"content":{"rendered":"<p>La fachada de Plater\u00edas de la Catedral de Santiago de Compostela ha aparecido esta ma\u00f1ana con un grafiti en una de sus figuras, que aparece pintada emulando a uno de los miembros de Kiss, la banda estadounidense de hard rock. Las autoridades est\u00e1n revisando las c\u00e1maras que se encuentran en el entorno de ese enclave del casco hist\u00f3rico de la capital gallega para tratar de identificar al autor de los hechos. La escultura, tallada en m\u00e1rmol, podr\u00e1 quedar restaurada esta misma tarde, seg\u00fan ha indicado el director de la Fundaci\u00f3n Catedral, Daniel Lorenzo, tras recibir la valoraci\u00f3n de los t\u00e9cnicos de la Direcci\u00f3n Xeral de Patrimonio y de los expertos de restauraci\u00f3n de la propia Catedral. La intervenci\u00f3n, apunt\u00f3, podr\u00e1 realizarse con los equipos de l\u00e1ser de \u00faltima generaci\u00f3n presentes ya en el templo a causa de la reciente recuperaci\u00f3n del P\u00f3rtico de la Gloria. En cualquier caso, y el margen del coste de la intervenci\u00f3n, Lorenzo incidi\u00f3 en la importancia de la concienciaci\u00f3n en el respeto al patrimonio. \u00abDebe ser cosa de todos\u00bb, se\u00f1al\u00f3. Al pie de la pieza afectada, el conselleiro de Cultura de la Xunta, Rom\u00e1n Rodr\u00edguez, ha censurado tambi\u00e9n esta ma\u00f1ana estos actos y ha advertido de que la ley de patrimonio caer\u00e1 con toda contundencia sobre los autores de esta \u00abbarrabasada\u00bb. \u00abEstamos ante una barbaridad, un aut\u00e9ntico atentado cultural; entendemos que es una barrabasada y esperamos que se pueda localizar a los infractores y aplicarles con toda la contundencia la ley de patrimonio cultural, que prev\u00e9 sanciones de 6.000 a 150.000 euros para una infracci\u00f3n grave de este tipo\u00bb, sostuvo el conselleiro. La de Plater\u00edas es la fachada sur del templo compostelano y se trata de la \u00fanica de estilo rom\u00e1nico que conserva la Catedral. Su nombre proviene de los talleres de orfebres situados desde la Edad Media en los bajos asoportalados del claustro. Reacci\u00f3n del alcalde Tambi\u00e9n el alcalde de Santiago, Marti\u00f1o Noriega, acompa\u00f1\u00f3 a los representantes de la iglesia y al titular de Cultura esta ma\u00f1ana al pie de la portada de Plater\u00edas, para advertir del absoluto rechazo a este tipo de acciones. \u00abEsta es una ciudad patrimonio de la Humanidad que se ha construido abierta al mundo y terriblemente tolerante, pero hoy aqu\u00ed todas las administraciones representadas queremos lanzar el mensaje de que delante de este tipo de acciones somos intolerantes: si nos tocan el patrimonio que da raz\u00f3n de ser a la ciudad nos est\u00e1n tocando a todos\u00bb, afirm\u00f3 Noriega.<br \/>\nVia: <a href=\"https:\/\/www.abc.es\/espana\/galicia\/abci-realizan-pintada-fachada-catedral-santiago-201808061201_noticia.html\" target=\"_blank\">Realizan una pintada en la fachada de la Catedral de Santiago<\/a><\/p>\n","protected":false},"excerpt":{"rendered":"<p>La fachada de Plater\u00edas de la Catedral de Santiago de Compostela ha aparecido esta ma\u00f1ana con un grafiti en una de sus figuras, que aparece pintada emulando a uno de los miembros de Kiss, la banda estadounidense de hard rock. Las autoridades est\u00e1n revisando las c\u00e1maras que se encuentran en [&hellip;]<\/p>\n","protected":false},"author":2,"featured_media":52920,"comment_status":"open","ping_status":"closed","sticky":false,"template":"","format":"standard","meta":{"footnotes":""},"categories":[6],"tags":[],"class_list":["post-52919","post","type-post","status-publish","format-standard","has-post-thumbnail","hentry","category-spanish"],"_links":{"self":[{"href":"https:\/\/theworldwidejournal.com\/index.php?rest_route=\/wp\/v2\/posts\/52919","targetHints":{"allow":["GET"]}}],"collection":[{"href":"https:\/\/theworldwidejournal.com\/index.php?rest_route=\/wp\/v2\/posts"}],"about":[{"href":"https:\/\/theworldwidejournal.com\/index.php?rest_route=\/wp\/v2\/types\/post"}],"author":[{"embeddable":true,"href":"https:\/\/theworldwidejournal.com\/index.php?rest_route=\/wp\/v2\/users\/2"}],"replies":[{"embeddable":true,"href":"https:\/\/theworldwidejournal.com\/index.php?rest_route=%2Fwp%2Fv2%2Fcomments&post=52919"}],"version-history":[{"count":0,"href":"https:\/\/theworldwidejournal.com\/index.php?rest_route=\/wp\/v2\/posts\/52919\/revisions"}],"wp:featuredmedia":[{"embeddable":true,"href":"https:\/\/theworldwidejournal.com\/index.php?rest_route=\/wp\/v2\/media\/52920"}],"wp:attachment":[{"href":"https:\/\/theworldwidejournal.com\/index.php?rest_route=%2Fwp%2Fv2%2Fmedia&parent=52919"}],"wp:term":[{"taxonomy":"category","embeddable":true,"href":"https:\/\/theworldwidejournal.com\/index.php?rest_route=%2Fwp%2Fv2%2Fcategories&post=52919"},{"taxonomy":"post_tag","embeddable":true,"href":"https:\/\/theworldwidejournal.com\/index.php?rest_route=%2Fwp%2Fv2%2Ftags&post=52919"}],"curies":[{"name":"wp","href":"https:\/\/api.w.org\/{rel}","templated":true}]}}