{"id":52989,"date":"1970-01-01T01:00:00","date_gmt":"1970-01-01T00:00:00","guid":{"rendered":"https:\/\/theworldwidejournal.com\/1970\/01\/01\/los-escraches-a-felipe-vi\/"},"modified":"1970-01-01T01:00:00","modified_gmt":"1970-01-01T00:00:00","slug":"los-escraches-a-felipe-vi","status":"publish","type":"post","link":"https:\/\/theworldwidejournal.com\/?p=52989","title":{"rendered":"Los escraches a Felipe VI"},"content":{"rendered":"<p>Manifestaci\u00f3n por los atentados de Barcelona El rey Felipe VI fue recibido con una sonora pitada en la manifestaci\u00f3n del 27 de agosto del a\u00f1o pasado, una semana despu\u00e9s de los sangrientos atentados de Barcelona y Cambrils. El centro de la Ciudad Condal estaba repleto, y muchos asistentes aprovecharon para corear gritos como \u00abF\u00f3ra el Borb\u00f3n\u00bb (Fuera el Borb\u00f3n). Las autoridades ocuparon la segunda cabecera de la manifestaci\u00f3n, tras la de los servicios de asistencia. Justo detr\u00e1s, estrat\u00e9gicamente, colocaron multitud de banderas independentistas y hasta pancartas con el lema \u00abFelipe VI y el Gobierno, c\u00f3mplices del tr\u00e1fico de armas\u00bb. El discurso en TV lo puso a\u00fan m\u00e1s en la diana Dos d\u00edas despu\u00e9s de la consulta ilegal del 1-O, Don Felipe se dirigi\u00f3 a la Naci\u00f3n en un discurso televisado. Felipe VI censur\u00f3 a quienes \u00abse han situado totalmente al margen del derecho y de la democracia\u00bb y apel\u00f3 a \u00ablos leg\u00edtimos poderes del Estado\u00bb para \u00abasegurar el orden constitucional\u00bb. Esta contundencia en defensa de la ley puso al Rey todav\u00eda m\u00e1s en la diana de los independentistas. El s\u00e1bado Quim Torra declar\u00f3 que los catalanes \u00abno tienen Rey\u00bb y \u00aba\u00fan esperan\u00bb sus disculpas por amparar \u00abla violencia que se ejerci\u00f3 contra ciudadanos inocentes que ejerc\u00edan su derecho al voto\u00bb. Contra el Rey en el Mobile World Congress Toda ocasi\u00f3n, todo evento, sea de la naturaleza que sea, es id\u00f3neo, seg\u00fan los indendentistas, para atacar al Rey y a la Monarqu\u00eda. El pasado 25 de febrero, Don Felipe inaugur\u00f3 en Barcelona el Mobile World Congress, en un acto celebrado en el Palau de la M\u00fasica. Convocados por los llamados Comit\u00e9s de Defensa de la Rep\u00fablica (CDR), los independentistas se concentraron en las zonas aleda\u00f1as para cargar contra el Rey. Repitieron su lema predilecto, \u00abFora el Borb\u00f3\u00bb. Simult\u00e1neamente y muy cerca, la Coordinadora por Tabarnia aglutin\u00f3 a medio centenar de personas que apoyaron al Rey. M\u00e1s desaires en los Juegos del Mediterr\u00e1neo El pasado 22 de junio, unas horas antes de acudir a la inauguraci\u00f3n de los Juegos del Mediterr\u00e1neo en Tarragona, el presidente catal\u00e1n, Quim Torra, anunci\u00f3 que romp\u00eda oficialmente relaciones con la Casa del Rey. Ya en el acto, poco antes de salir al palco de autoridades, Torra entreg\u00f3 al Rey informes del S\u00edndic de Greuges sobre la, a su juicio, \u00abviolencia\u00bb del 1-O y la \u00abrepresi\u00f3n\u00bb judicial posterior. Tambi\u00e9n le dio el libro titulado \u00abD\u00edas que durar\u00e1n a\u00f1os\u00bb, cuyo autor es el fot\u00f3grafo Jordi Borr\u00e0s, y que est\u00e1 centrado en el 1 de octubre, jornada en la que se celebr\u00f3 el refer\u00e9ndum ilegal en Catalu\u00f1a. Boicot en los premios Princesa de Girona Solo seis d\u00edas despu\u00e9s, el 28 de junio de 2018, los Reyes de Espa\u00f1a entregaron los premios de la Fundaci\u00f3n Princesa de Girona. Lo hicieron en el centro de eventos del Celler de Can Roca, que fue cedido por los hermanos Joan, Josep y Jordi Roca, reconocidos como entre los mejores cocineros del mundo. La ubicaci\u00f3n fue ofrecida despu\u00e9s de que el Ayuntamiento de Gerona, gobernado por separatistas, denegara la cesi\u00f3n del Auditorio \u2013su escenario tradicional\u2013 para la celebraci\u00f3n de esta ceremonia y declarara persona non grata a Don Felipe. Quim Torra dimiti\u00f3 como vicepresidente de honor de la Fundaci\u00f3n.<br \/>\nVia: <a href=\"https:\/\/www.abc.es\/espana\/abci-escraches-felipe-201808070222_noticia.html\" target=\"_blank\">Los escraches a Felipe VI<\/a><\/p>\n","protected":false},"excerpt":{"rendered":"<p>Manifestaci\u00f3n por los atentados de Barcelona El rey Felipe VI fue recibido con una sonora pitada en la manifestaci\u00f3n del 27 de agosto del a\u00f1o pasado, una semana despu\u00e9s de los sangrientos atentados de Barcelona y Cambrils. El centro de la Ciudad Condal estaba repleto, y muchos asistentes aprovecharon para [&hellip;]<\/p>\n","protected":false},"author":2,"featured_media":52990,"comment_status":"open","ping_status":"closed","sticky":false,"template":"","format":"standard","meta":{"footnotes":""},"categories":[6],"tags":[],"class_list":["post-52989","post","type-post","status-publish","format-standard","has-post-thumbnail","hentry","category-spanish"],"_links":{"self":[{"href":"https:\/\/theworldwidejournal.com\/index.php?rest_route=\/wp\/v2\/posts\/52989","targetHints":{"allow":["GET"]}}],"collection":[{"href":"https:\/\/theworldwidejournal.com\/index.php?rest_route=\/wp\/v2\/posts"}],"about":[{"href":"https:\/\/theworldwidejournal.com\/index.php?rest_route=\/wp\/v2\/types\/post"}],"author":[{"embeddable":true,"href":"https:\/\/theworldwidejournal.com\/index.php?rest_route=\/wp\/v2\/users\/2"}],"replies":[{"embeddable":true,"href":"https:\/\/theworldwidejournal.com\/index.php?rest_route=%2Fwp%2Fv2%2Fcomments&post=52989"}],"version-history":[{"count":0,"href":"https:\/\/theworldwidejournal.com\/index.php?rest_route=\/wp\/v2\/posts\/52989\/revisions"}],"wp:featuredmedia":[{"embeddable":true,"href":"https:\/\/theworldwidejournal.com\/index.php?rest_route=\/wp\/v2\/media\/52990"}],"wp:attachment":[{"href":"https:\/\/theworldwidejournal.com\/index.php?rest_route=%2Fwp%2Fv2%2Fmedia&parent=52989"}],"wp:term":[{"taxonomy":"category","embeddable":true,"href":"https:\/\/theworldwidejournal.com\/index.php?rest_route=%2Fwp%2Fv2%2Fcategories&post=52989"},{"taxonomy":"post_tag","embeddable":true,"href":"https:\/\/theworldwidejournal.com\/index.php?rest_route=%2Fwp%2Fv2%2Ftags&post=52989"}],"curies":[{"name":"wp","href":"https:\/\/api.w.org\/{rel}","templated":true}]}}