{"id":53057,"date":"1970-01-01T01:00:00","date_gmt":"1970-01-01T00:00:00","guid":{"rendered":"https:\/\/theworldwidejournal.com\/1970\/01\/01\/el-supremo-no-se-pronunciara-sobre-la-imputacion-de-casado-antes-de-septiembre\/"},"modified":"1970-01-01T01:00:00","modified_gmt":"1970-01-01T00:00:00","slug":"el-supremo-no-se-pronunciara-sobre-la-imputacion-de-casado-antes-de-septiembre","status":"publish","type":"post","link":"https:\/\/theworldwidejournal.com\/?p=53057","title":{"rendered":"El Supremo no se pronunciar\u00e1 sobre la imputaci\u00f3n de Casado antes de septiembre"},"content":{"rendered":"<p>La Fiscal\u00eda de Madrid no recurrir\u00e1 el auto de la juez del Juzgado de Instrucci\u00f3n n\u00famero 51 de Madrid que solicita el traslado al Tribunal Supremo de la pieza separada sobre el m\u00e1ster del presidente del PP, Pablo Casado, y en el que aprecia indicios de delito, informa Ep. Seg\u00fan fuentes fiscales, el Ministerio P\u00fablico no se opondr\u00e1 a la decisi\u00f3n de la juez de elevar el caso al Supremo, por la condici\u00f3n de aforado de Casado. Contra el auto cabe recurso de reforma, que en el caso de la Fiscal\u00eda no ejercer\u00e1. Est\u00e1 previsto que la sala de admisiones del Tribunal Supremo aborde la petici\u00f3n de la juez Carmen Rodr\u00edguez-Medel en el mes de septiembre. Para ello, tomar\u00e1 en consideraci\u00f3n el informe de la Fiscal\u00eda. Entonces, decidir\u00e1 si asume la causa y si cita a Casado como investigado sobre este asunto. La magistrada pide en su exposici\u00f3n razonada que se cite a Casado como investigado al sospechar que el t\u00edtulo del m\u00e1ster que curs\u00f3 en la Universidad Rey Juan Carlos de Madrid (URJC) durante el curso 2008-2009 pudo ser \u00abun regalo\u00bb por su \u00abespecial relevancia pol\u00edtica\u00bb, lo que implica que podr\u00eda haber incurrido en un delito de prevaricaci\u00f3n administrativa y cohecho impropio. Indicios de prebrenda Los indicios con los que cuenta el auto se sostienen en el hecho de que Casado, junto a un grupo de alumnas con v\u00ednculos pol\u00edticos o personales con miembros de la universidad, pudieran haber conseguido el t\u00edtulo como \u00abregalo o prebenda sin m\u00e9rito acad\u00e9mico alguno\u00bb por parte del director de estos estudios, el catedr\u00e1tico y exdirector del Instituto de Derecho P\u00fablico, Enrique \u00c1lvarez Conde. Tambi\u00e9n reclama, aparte de su citaci\u00f3n como imputado, que acredite su \u00abefectiva realizaci\u00f3n\u00bb de actividad acad\u00e9mica para ser calificado en los 20 cr\u00e9ditos del master no reconocidos y en su caso la remisi\u00f3n al personal docente de la URJC en ese curso acad\u00e9mico 2008-2009. Para ello, ve conveniente que aporte el ordenador port\u00e1til antiguo que en su comparecencia p\u00fablica dijo conservar a fin de que por la Polic\u00eda judicial se realice \u00abla oportuna pericial sobre la antig\u00fcedad y modificaciones realizadas en el documento inform\u00e1tico que sirve de soporte a los trabajos para ser evaluados en este m\u00e1ster\u00bb.<br \/>\nVia: <a href=\"https:\/\/www.abc.es\/espana\/abci-supremo-no-pronunciara-sobre-imputacion-casado-antes-septiembre-201808071337_noticia.html\" target=\"_blank\">El Supremo no se pronunciar\u00e1 sobre la imputaci\u00f3n de Casado antes de septiembre<\/a><\/p>\n","protected":false},"excerpt":{"rendered":"<p>La Fiscal\u00eda de Madrid no recurrir\u00e1 el auto de la juez del Juzgado de Instrucci\u00f3n n\u00famero 51 de Madrid que solicita el traslado al Tribunal Supremo de la pieza separada sobre el m\u00e1ster del presidente del PP, Pablo Casado, y en el que aprecia indicios de delito, informa Ep. Seg\u00fan [&hellip;]<\/p>\n","protected":false},"author":2,"featured_media":53058,"comment_status":"open","ping_status":"closed","sticky":false,"template":"","format":"standard","meta":{"footnotes":""},"categories":[6],"tags":[],"class_list":["post-53057","post","type-post","status-publish","format-standard","has-post-thumbnail","hentry","category-spanish"],"_links":{"self":[{"href":"https:\/\/theworldwidejournal.com\/index.php?rest_route=\/wp\/v2\/posts\/53057","targetHints":{"allow":["GET"]}}],"collection":[{"href":"https:\/\/theworldwidejournal.com\/index.php?rest_route=\/wp\/v2\/posts"}],"about":[{"href":"https:\/\/theworldwidejournal.com\/index.php?rest_route=\/wp\/v2\/types\/post"}],"author":[{"embeddable":true,"href":"https:\/\/theworldwidejournal.com\/index.php?rest_route=\/wp\/v2\/users\/2"}],"replies":[{"embeddable":true,"href":"https:\/\/theworldwidejournal.com\/index.php?rest_route=%2Fwp%2Fv2%2Fcomments&post=53057"}],"version-history":[{"count":0,"href":"https:\/\/theworldwidejournal.com\/index.php?rest_route=\/wp\/v2\/posts\/53057\/revisions"}],"wp:featuredmedia":[{"embeddable":true,"href":"https:\/\/theworldwidejournal.com\/index.php?rest_route=\/wp\/v2\/media\/53058"}],"wp:attachment":[{"href":"https:\/\/theworldwidejournal.com\/index.php?rest_route=%2Fwp%2Fv2%2Fmedia&parent=53057"}],"wp:term":[{"taxonomy":"category","embeddable":true,"href":"https:\/\/theworldwidejournal.com\/index.php?rest_route=%2Fwp%2Fv2%2Fcategories&post=53057"},{"taxonomy":"post_tag","embeddable":true,"href":"https:\/\/theworldwidejournal.com\/index.php?rest_route=%2Fwp%2Fv2%2Ftags&post=53057"}],"curies":[{"name":"wp","href":"https:\/\/api.w.org\/{rel}","templated":true}]}}