{"id":53059,"date":"1970-01-01T01:00:00","date_gmt":"1970-01-01T00:00:00","guid":{"rendered":"https:\/\/theworldwidejournal.com\/1970\/01\/01\/borran-la-pintada-de-la-catedral-de-santiago\/"},"modified":"1970-01-01T01:00:00","modified_gmt":"1970-01-01T00:00:00","slug":"borran-la-pintada-de-la-catedral-de-santiago","status":"publish","type":"post","link":"https:\/\/theworldwidejournal.com\/?p=53059","title":{"rendered":"Borran la pintada de la Catedral de Santiago"},"content":{"rendered":"<p>La pintada que este lunes apareci\u00f3 en una de las fachadas de la Catedral de Santiago es historia. Tras realizar diferentes pruebas en una pieza de m\u00e1rmol para asegurar la idoneidad del tratamiento, los t\u00e9cnicos procedieron esta ma\u00f1ana a eliminar los restos del grafiti realizado en una estatua del siglo XII situada en la fachada de Prater\u00edas. Sin embargo, a\u00fan se pueden apreciar algunos restos del rotulador azul con el que el autor o autores del acto vand\u00e1lico intentaron imprimir en la talla el caracer\u00edstico estilo de la banda de hard rock Kiss. Fuentes de la Fundaci\u00f3n Catedral se\u00f1alaron a Faro de Vigo que prev\u00e9n realizar una nueva actuaci\u00f3n en la figura para eliminar por completo los vestigios de la pintada. En la actualidad, la zona en la que se localiza la figura se encuentra cubierta por varios paneles, que se retirar\u00e1n durante el d\u00eda de ma\u00f1ana. Una vez reparada la escultura, las autoridades se afanan en localizar al responsable de la acci\u00f3n, que podr\u00eda enfrentarse a una sanci\u00f3n de entre 6.000 y 150.000 euros. \u00abExisten varias c\u00e1maras, algunas municipales, otras de la Iglesia&#8230; Esperemos que se pueda localizar a los infractores y aplicarles con toda la contundencia la ley de patrimonio cultural\u00bb, expuso este lunes el conselleiro de Cultura, Rom\u00e1n Rodr\u00edguez, quien no dud\u00f3 en calificar lo sucedido de \u00abatentado cultural\u00bb. Vigilancia en la zona \u00abNo voy a adelantar nada hasta que los cuerpos de seguridad puedan decir algo\u00bb, apuntaba a su vez el alcalde de Santiago, Marti\u00f1o Noriega. El parte de la Polic\u00eda Local correspondiente al turno nocturno no recogi\u00f3 ning\u00fan altercado en la zona, precis\u00f3 el regidor. La vigilancia, dijo, se encuentra reforzada desde el mes de julio, en colaboraci\u00f3n con la Polic\u00eda Nacional, como parte del habitual despliegue que cada verano se repite ante la importante afluencia tur\u00edstica del casco hist\u00f3rico. En cualquier caso, incidi\u00f3, el incidente trasciende la esfera de la vigilancia y del control, y ata\u00f1e a un necesario llamamiento al civismo y al respeto al patrimonio \u00abdel conjunto de la ciudadan\u00eda y de todos aquellos que nos visitan\u00bb. \u00abEsta es una ciudad Patrimonio de la Humanidad, abierta al mundo y terriblemente tolerante, pero todas las administraciones representadas queremos lanzar el mensaje de que ante este tipo de acciones somos intolerantes: si nos tocan el patrimonio que da raz\u00f3n de ser a la ciudad, nos tocan a todos\u00bb, afirm\u00f3 el alcalde. La c\u00e1mara de vigilancia del Ayuntamiento m\u00e1s pr\u00f3xima al lugar del altercado se ubica en el balc\u00f3n del Museo das Peregrinaci\u00f3ns, en la misma Praza de Prater\u00edas, a unos 20 metros del acceso a la Catedral en el que se produjo la pintada. No obstante, fuentes del consistorio expresaron dudas sobre la posibilidad de que, de noche, y desde su posici\u00f3n (la figura atacada se encuentra en la esquina derecha de la fachada), pudiese haber registrado la infracci\u00f3n. Colaboraci\u00f3n La Polic\u00eda Nacional inst\u00f3 desde su cuenta en Twitter a la colaboraci\u00f3n ciudadana: \u00abLa Catedral de Santiago es Patrimonio de la Humanidad. Nos pertenece a todos. Estas pintadas, adem\u00e1s de una falta absoluta de respeto o civismo, son DELITO. Ay\u00fadanos a encontrar al responsable\/s\u00bb, escribi\u00f3 el cuerpo en su cuenta oficial, acompa\u00f1ando el texto con una fotograf\u00eda de la figura atacada.<br \/>\nVia: <a href=\"https:\/\/www.abc.es\/espana\/galicia\/abci-borran-pintada-catedral-santiago-201808071215_noticia.html\" target=\"_blank\">Borran la pintada de la Catedral de Santiago<\/a><\/p>\n","protected":false},"excerpt":{"rendered":"<p>La pintada que este lunes apareci\u00f3 en una de las fachadas de la Catedral de Santiago es historia. Tras realizar diferentes pruebas en una pieza de m\u00e1rmol para asegurar la idoneidad del tratamiento, los t\u00e9cnicos procedieron esta ma\u00f1ana a eliminar los restos del grafiti realizado en una estatua del siglo [&hellip;]<\/p>\n","protected":false},"author":2,"featured_media":53060,"comment_status":"open","ping_status":"closed","sticky":false,"template":"","format":"standard","meta":{"footnotes":""},"categories":[6],"tags":[],"class_list":["post-53059","post","type-post","status-publish","format-standard","has-post-thumbnail","hentry","category-spanish"],"_links":{"self":[{"href":"https:\/\/theworldwidejournal.com\/index.php?rest_route=\/wp\/v2\/posts\/53059","targetHints":{"allow":["GET"]}}],"collection":[{"href":"https:\/\/theworldwidejournal.com\/index.php?rest_route=\/wp\/v2\/posts"}],"about":[{"href":"https:\/\/theworldwidejournal.com\/index.php?rest_route=\/wp\/v2\/types\/post"}],"author":[{"embeddable":true,"href":"https:\/\/theworldwidejournal.com\/index.php?rest_route=\/wp\/v2\/users\/2"}],"replies":[{"embeddable":true,"href":"https:\/\/theworldwidejournal.com\/index.php?rest_route=%2Fwp%2Fv2%2Fcomments&post=53059"}],"version-history":[{"count":0,"href":"https:\/\/theworldwidejournal.com\/index.php?rest_route=\/wp\/v2\/posts\/53059\/revisions"}],"wp:featuredmedia":[{"embeddable":true,"href":"https:\/\/theworldwidejournal.com\/index.php?rest_route=\/wp\/v2\/media\/53060"}],"wp:attachment":[{"href":"https:\/\/theworldwidejournal.com\/index.php?rest_route=%2Fwp%2Fv2%2Fmedia&parent=53059"}],"wp:term":[{"taxonomy":"category","embeddable":true,"href":"https:\/\/theworldwidejournal.com\/index.php?rest_route=%2Fwp%2Fv2%2Fcategories&post=53059"},{"taxonomy":"post_tag","embeddable":true,"href":"https:\/\/theworldwidejournal.com\/index.php?rest_route=%2Fwp%2Fv2%2Ftags&post=53059"}],"curies":[{"name":"wp","href":"https:\/\/api.w.org\/{rel}","templated":true}]}}