{"id":53125,"date":"1970-01-01T01:00:00","date_gmt":"1970-01-01T00:00:00","guid":{"rendered":"https:\/\/theworldwidejournal.com\/1970\/01\/01\/el-secesionismo-basa-su-trama-en-noticias-manipuladas\/"},"modified":"1970-01-01T01:00:00","modified_gmt":"1970-01-01T00:00:00","slug":"el-secesionismo-basa-su-trama-en-noticias-manipuladas","status":"publish","type":"post","link":"https:\/\/theworldwidejournal.com\/?p=53125","title":{"rendered":"El secesionismo basa su trama en noticias manipuladas"},"content":{"rendered":"<p>La ONU ha criticado la decisi\u00f3n de que unos dirigentes pol\u00edticos est\u00e9n en prisi\u00f3n preventiva en Espa\u00f1a acusados de rebeli\u00f3n, desobediencia y malversaci\u00f3n; la presidenta de Estonia, Kersti Kaljulaid, ha apoyado una campa\u00f1a a favor de los presos pol\u00edticos; de hecho, en Espa\u00f1a hay presos pol\u00edticos y exiliados por sus ideas pol\u00edticas; el juez Pablo Llarena se reuni\u00f3 en Gerona con \u00abmiembros\u00bb del CNI y el exministro Jorge Fern\u00e1ndez D\u00edaz; The Economist ha pedido al presidente del Gobierno, Pedro S\u00e1nchez, que libere a los presos pol\u00edticos; Catalu\u00f1a tiene derecho a la autodeterminaci\u00f3n; en Barcelona se instalar\u00e1 la sede mundial de Facebook para combatir las fake news; existe una Rep\u00fablica Catalana, al menos en Waterloo (B\u00e9lgica); la revista Time ilustr\u00f3 su portada con una imagen de la plaza de San Jaime de Barcelona bajo el t\u00edtulo: \u00abLa revoluci\u00f3n de los paraguas\u00bb; el conductor del coche que arras\u00f3 con una parte de las cruces amarillas de la plaza Mayor de Vic (Barcelona) lo hizo por motivos pol\u00edticos; el presidente de Armenia, Arm\u00e9n Sarkissian, neg\u00f3 el saludo al embajador espa\u00f1ol en EE.UU., Pedro Moren\u00e9s, tras el rifirrafe entre este y el presidente de la Generalitat, Quim Torra, en Washington hace solo unas semanas; la Comisi\u00f3n Europea y la Uni\u00f3n Europea han concluido que la Justicia espa\u00f1ola es la peor de Europa; el Ministerio de Defensa moviliz\u00f3 efectivos en Catalu\u00f1a antes del 1 de octubre de 2017; Gambia y Estonia reconocieron la independencia de Catalu\u00f1a tras el 27 de octubre&#8230; Y as\u00ed hasta una larga lista que conformar\u00edan las \u00abfake news\u00bb que l\u00edderes pol\u00edticos, asesores de los mismos, medios de comunicaci\u00f3n y personajes p\u00fablicos, todos independentistas, propagan cada d\u00eda gracias, sobre todo, a las redes sociales de internet. El nacionalismo catal\u00e1n moderno basa su estrategia, en el mejor de los casos, en la tergiversaci\u00f3n de la realidad y el control de su explicaci\u00f3n. Los pol\u00edticos secesionistas y los l\u00edderes de opini\u00f3n que les respaldan creen que tienen una misi\u00f3n y todo vale para llevarla a cabo. A las \u00abfake news\u00bb de 2018 se llega tras pasar por las \u00abfake news\u00bb de anta\u00f1o que no hace mucho se basaban en el supuesto \u00abexcesivo\u00bb d\u00e9ficit fiscal que sufre la Generalitat y el \u00abmaltrato\u00bb en inversiones por parte del Gobierno de Espa\u00f1a en las infraestructuras de Catalu\u00f1a. Sin rubor alguno La Fund\u00e9u recomienda utilizar como alternativas a \u00abfake news\u00bb las expresiones \u00abnoticias falsas\u00bb y \u00abnoticias falseadas\u00bb. El matiz no es menor. Una informaci\u00f3n falsa \u00abpuede serlo por faltar a la verdad de forma involuntaria o premeditadamente\u00bb; pero el adjetivo \u00abfalseado\u00bb no deja lugar a dudas: \u00abSugiere un matiz de adulteraci\u00f3n o corrupci\u00f3n premeditadas\u00bb. En Catalu\u00f1a, el nacionalismo, ahora en forma de independentismo, ha creado un sistema por el que se distribuyen noticias falseadas, sobre todo, para consumo de los convencidos y para que los dudosos dejen de estarlo, y se posicionen a favor de la causa que lidera Carles Puigdemont. Esta clasificaci\u00f3n de los catalanes, en funci\u00f3n de su convencimiento secesionista, aparece en el documento de trabajo \u00abEnfocats. Reenfocando el proceso de independencia para un resultado existoso\u00bb, que se encontr\u00f3 en la Consejer\u00eda de Econom\u00eda y Hacienda en uno de los registros judiciales de finales de 2017. En este \u00abreenfoque\u00bb se diferencian los distintos caminos de actuaci\u00f3n (siete) para que la propaganda independentista llegue a toda la ciudadan\u00eda y se sume el mayor n\u00famero posible. No es lo mismo dirigirse a los \u00abconvencidos hiperventilados\u00bb que a los \u00abconvencidos del no\u00bb, pasando por los \u00abconvencidos hist\u00f3ricos\u00bb, los \u00abconvencidos recientes pero d\u00e9biles\u00bb, los \u00abregeneracionistas fraternales\u00bb, los \u00abindecisos\u00bb y los \u00abactualmente impermeables\u00bb. En este entramado es fundamental el uso de las noticias falseadas, porque algo queda. Y contar con la colaboraci\u00f3n de los medios de comunicaci\u00f3n, sin los que las fake news no pasar\u00edan de mero chismorreo digital. Lo explic\u00f3 hace unos d\u00edas Argelia Queralt, doctora en Derecho y profesora en la Universidad de Barcelona, desde las p\u00e1ginas de la edici\u00f3n catalana de El Pa\u00eds: \u00abEn Catalu\u00f1a hay medios privados, convertidos en referentes informativos, apoyados con grandes contribuciones p\u00fablicas y absolutamente rendidos a la causa que mienten en sus informaciones, y lo hacen sin rubor alguno. Hacer trampas con datos que son p\u00fablicos es muy complicado porque una contrastaci\u00f3n b\u00e1sica sirve para poder desmontarlas. Pero esto no les impide seguir en su labor paraperiod\u00edstica, contribuyendo a mantener la burbuja procesista. Adem\u00e1s, existen medios online, que con el pretexto de la defensa de la Rep\u00fablica (s\u00ed, aquella que no existi\u00f3 nunca) crean noticias -o sea, las inventan- con el objetivo de emponzo\u00f1ar el debate y de falsear la realidad\u00bb. Con este sistema se mantiene cautivo al convencido, que perdonar\u00e1, por ejemplo, que la portavoz de la Generalitat, Elsa Artadi, diera por bueno 48 horas despu\u00e9s de demostrarse que era falso que el juez Pablo Llarena se hubiera reunido con \u00abmiembros\u00bb del CNI y con el exministro Fern\u00e1ndez D\u00edaz; o que el presidente auton\u00f3mico retuit\u00e9 la imagen manipulada de la presidenta de Estonia para hacerla pasar por defensora de los presos pol\u00edticos. Hasta tal punto lleva el independentismo su ficci\u00f3n que sus l\u00edderes no son capaces de lidiar con la contradicci\u00f3n de defender que el 1-O no fue un refer\u00e9ndum o creer, por ejemplo, que cambiando el nombre de Converg\u00e8ncia por el de PDECat (pero manteniendo las sedes, los n\u00fameros de tel\u00e9fono, las cuentas de Facebook, la estructura organizativa, etc\u00e9tera) la Justicia pensar\u00e1 que no son el mismo partido. El apoyo que nunca fue de Estonia El nacionalismo catal\u00e1n no tiene el monopolio de la manipulaci\u00f3n de im\u00e1genes, ni esta pr\u00e1ctica se puso de moda con la aparici\u00f3n del mundo digital. Eso s\u00ed, los l\u00edderes independentistas son aut\u00e9nticos protagonistas de esta pr\u00e1ctica. Quim Torra, presidente de la Generalitat, retuite\u00f3 hace unos d\u00edas una imagen de Kersti Kaljulaid, presidenta de Estonia, en la que esta sujetaba con sus manos una hoja amarilla -con el logo utilizado por \u00d2mnium Cultural- con el hashtag FreePoliticalPrisoners. Todo falso. Elsa Artadi, portavoz de la Generalitat en el Parlament catal\u00e1n, en imagen de archivo &#8211; In\u00e9s Baucells En&hellip;<br \/>\nVia: <a href=\"https:\/\/www.abc.es\/espana\/abci-secesionismo-basa-trama-noticias-manipuladas-201808072330_noticia.html\" target=\"_blank\">El secesionismo basa su trama en noticias manipuladas<\/a><\/p>\n","protected":false},"excerpt":{"rendered":"<p>La ONU ha criticado la decisi\u00f3n de que unos dirigentes pol\u00edticos est\u00e9n en prisi\u00f3n preventiva en Espa\u00f1a acusados de rebeli\u00f3n, desobediencia y malversaci\u00f3n; la presidenta de Estonia, Kersti Kaljulaid, ha apoyado una campa\u00f1a a favor de los presos pol\u00edticos; de hecho, en Espa\u00f1a hay presos pol\u00edticos y exiliados por sus [&hellip;]<\/p>\n","protected":false},"author":2,"featured_media":53126,"comment_status":"open","ping_status":"closed","sticky":false,"template":"","format":"standard","meta":{"footnotes":""},"categories":[6],"tags":[],"class_list":["post-53125","post","type-post","status-publish","format-standard","has-post-thumbnail","hentry","category-spanish"],"_links":{"self":[{"href":"https:\/\/theworldwidejournal.com\/index.php?rest_route=\/wp\/v2\/posts\/53125","targetHints":{"allow":["GET"]}}],"collection":[{"href":"https:\/\/theworldwidejournal.com\/index.php?rest_route=\/wp\/v2\/posts"}],"about":[{"href":"https:\/\/theworldwidejournal.com\/index.php?rest_route=\/wp\/v2\/types\/post"}],"author":[{"embeddable":true,"href":"https:\/\/theworldwidejournal.com\/index.php?rest_route=\/wp\/v2\/users\/2"}],"replies":[{"embeddable":true,"href":"https:\/\/theworldwidejournal.com\/index.php?rest_route=%2Fwp%2Fv2%2Fcomments&post=53125"}],"version-history":[{"count":0,"href":"https:\/\/theworldwidejournal.com\/index.php?rest_route=\/wp\/v2\/posts\/53125\/revisions"}],"wp:featuredmedia":[{"embeddable":true,"href":"https:\/\/theworldwidejournal.com\/index.php?rest_route=\/wp\/v2\/media\/53126"}],"wp:attachment":[{"href":"https:\/\/theworldwidejournal.com\/index.php?rest_route=%2Fwp%2Fv2%2Fmedia&parent=53125"}],"wp:term":[{"taxonomy":"category","embeddable":true,"href":"https:\/\/theworldwidejournal.com\/index.php?rest_route=%2Fwp%2Fv2%2Fcategories&post=53125"},{"taxonomy":"post_tag","embeddable":true,"href":"https:\/\/theworldwidejournal.com\/index.php?rest_route=%2Fwp%2Fv2%2Ftags&post=53125"}],"curies":[{"name":"wp","href":"https:\/\/api.w.org\/{rel}","templated":true}]}}