{"id":53129,"date":"1970-01-01T01:00:00","date_gmt":"1970-01-01T00:00:00","guid":{"rendered":"https:\/\/theworldwidejournal.com\/1970\/01\/01\/el-pp-arropa-a-casado-y-lo-ve-victima-de-una-persecucion\/"},"modified":"1970-01-01T01:00:00","modified_gmt":"1970-01-01T00:00:00","slug":"el-pp-arropa-a-casado-y-lo-ve-victima-de-una-persecucion","status":"publish","type":"post","link":"https:\/\/theworldwidejournal.com\/?p=53129","title":{"rendered":"El PP arropa a Casado y lo ve \u00abv\u00edctima de una persecuci\u00f3n\u00bb"},"content":{"rendered":"<p>Cierre de filas absoluto en la c\u00fapula del PP en torno a la figura de Pablo Casado. La ausencia del presidente del partido durante el d\u00eda de ayer -se encontraba en Colombia para asistir a la toma de posesi\u00f3n del presidente Iv\u00e1n Duque- fue suplida por una f\u00e9rrea defensa al un\u00edsono de la inocencia de Casado respecto a las presuntas irregularidades en el modo en que obtuvo su titulaci\u00f3n de Derecho Local y Auton\u00f3mico en la Universidad Rey Juan Carlos. El secretario general del PP, Teodoro Garc\u00eda Egea; la portavoz del Grupo Popular en el Congreso, Dolors Montserrat, y el vicesecretario de Organizaci\u00f3n, Javier Maroto, insitieron ayer en los argumentos que el presidente del partido hab\u00eda defendido el d\u00eda anterior, durante su comparecencia tras conocerse que la juez que lleva el caso de su m\u00e1ster ha pedido su imputaci\u00f3n al Tribunal Supremo. De hecho, el secretario general fue m\u00e1s all\u00e1, y pas\u00f3 de las insinuaciones de Casado -que denunci\u00f3 un \u00abescrutinio exhaustivo de su caso\u00bb- a asegurar directamente que el l\u00edder del PP est\u00e1 siendo \u00abv\u00edctima de una persecuci\u00f3n\u00bb. A su juicio, \u00abtodo el mundo est\u00e1 viendo claramente c\u00f3mo se va disipando cualquier duda\u00bb que afecta a Casado, \u00aba su curr\u00edculum y a su trayectoria\u00bb, y \u00abla gente tiene claro que es una persona honrada y honesta\u00bb. Preguntado por si el presidente de los populares dimitir\u00e1 si finalmente resulta imputado, Garc\u00eda Egea rechaz\u00f3 esta posibilidad y defendi\u00f3 que \u00ablos inocentes no deben dimitir\u00bb. El n\u00famero dos del PP lanz\u00f3 una advertencia al PSOE y al resto de partidos al recordar que el presidente del Gobierno, Pedro S\u00e1nchez, nombr\u00f3 ministro de Agricultura a Luis Planas, cuando estaba siendo investigado en la causa por la extracci\u00f3n ilegal de agua en el entorno de Do\u00f1ana cuando era consejero de la Junta de Andaluc\u00eda, aunque luego la Fiscal\u00eda dict\u00f3 el sobreseimiento de la causa contra \u00e9l. Montserrat augur\u00f3 que el denominado caso M\u00e1ster tendr\u00e1 \u00abpoco recorrido\u00bb y lament\u00f3 que hubiera una doble vara de medir. Una reflexi\u00f3n que comparti\u00f3 Maroto, que se refiri\u00f3 a irregularidades de otros pol\u00edticos en sus curr\u00edculum, que aparecen en \u00abdos tuits y alg\u00fan breve en los medios de comunicaci\u00f3n\u00bb, frente a Casado, \u00abque abre p\u00e1ginas\u00bb.<br \/>\nVia: <a href=\"https:\/\/www.abc.es\/espana\/abci-pp-casado-victima-persecucion-201808070924_noticia.html\" target=\"_blank\">El PP arropa a Casado y lo ve \u00abv\u00edctima de una persecuci\u00f3n\u00bb<\/a><\/p>\n","protected":false},"excerpt":{"rendered":"<p>Cierre de filas absoluto en la c\u00fapula del PP en torno a la figura de Pablo Casado. La ausencia del presidente del partido durante el d\u00eda de ayer -se encontraba en Colombia para asistir a la toma de posesi\u00f3n del presidente Iv\u00e1n Duque- fue suplida por una f\u00e9rrea defensa al [&hellip;]<\/p>\n","protected":false},"author":2,"featured_media":53130,"comment_status":"open","ping_status":"closed","sticky":false,"template":"","format":"standard","meta":{"footnotes":""},"categories":[6],"tags":[],"class_list":["post-53129","post","type-post","status-publish","format-standard","has-post-thumbnail","hentry","category-spanish"],"_links":{"self":[{"href":"https:\/\/theworldwidejournal.com\/index.php?rest_route=\/wp\/v2\/posts\/53129","targetHints":{"allow":["GET"]}}],"collection":[{"href":"https:\/\/theworldwidejournal.com\/index.php?rest_route=\/wp\/v2\/posts"}],"about":[{"href":"https:\/\/theworldwidejournal.com\/index.php?rest_route=\/wp\/v2\/types\/post"}],"author":[{"embeddable":true,"href":"https:\/\/theworldwidejournal.com\/index.php?rest_route=\/wp\/v2\/users\/2"}],"replies":[{"embeddable":true,"href":"https:\/\/theworldwidejournal.com\/index.php?rest_route=%2Fwp%2Fv2%2Fcomments&post=53129"}],"version-history":[{"count":0,"href":"https:\/\/theworldwidejournal.com\/index.php?rest_route=\/wp\/v2\/posts\/53129\/revisions"}],"wp:featuredmedia":[{"embeddable":true,"href":"https:\/\/theworldwidejournal.com\/index.php?rest_route=\/wp\/v2\/media\/53130"}],"wp:attachment":[{"href":"https:\/\/theworldwidejournal.com\/index.php?rest_route=%2Fwp%2Fv2%2Fmedia&parent=53129"}],"wp:term":[{"taxonomy":"category","embeddable":true,"href":"https:\/\/theworldwidejournal.com\/index.php?rest_route=%2Fwp%2Fv2%2Fcategories&post=53129"},{"taxonomy":"post_tag","embeddable":true,"href":"https:\/\/theworldwidejournal.com\/index.php?rest_route=%2Fwp%2Fv2%2Ftags&post=53129"}],"curies":[{"name":"wp","href":"https:\/\/api.w.org\/{rel}","templated":true}]}}