{"id":53131,"date":"1970-01-01T01:00:00","date_gmt":"1970-01-01T00:00:00","guid":{"rendered":"https:\/\/theworldwidejournal.com\/1970\/01\/01\/page-exige-a-sanchez-que-no-finja-fortaleza-parlamentaria\/"},"modified":"1970-01-01T01:00:00","modified_gmt":"1970-01-01T00:00:00","slug":"page-exige-a-sanchez-que-no-finja-fortaleza-parlamentaria","status":"publish","type":"post","link":"https:\/\/theworldwidejournal.com\/?p=53131","title":{"rendered":"Page exige a S\u00e1nchez que no finja fortaleza parlamentaria"},"content":{"rendered":"<p>La fragilidad parlamentaria del Gobierno empieza a aflorar pese a sus esfuerzos por mostrar una imagen de resistencia. Pero negar la evidencia puede resultar contraproducente y, por ello, el presidente de Castilla-La Mancha, el socialista Emiliano Garc\u00eda-Page, expres\u00f3 ayer, en una entrevista con Europa Press, que el Ejecutivo no \u00abpuede aparentar una fortaleza que no tiene en el Parlamento\u00bb. El presidente de Castilla-La Mancha consider\u00f3 que el escenario abierto tras la moci\u00f3n de censura es \u00abprecario y provisional\u00bb, y aunque Pedro S\u00e1nchez tiene la \u00abobligaci\u00f3n de gobernar con perspectiva\u00bb s\u00ed reconoci\u00f3 que si la situaci\u00f3n se vuelve \u00abinviable\u00bb hay que convocar elecciones generales. Lo que no aclar\u00f3 el l\u00edder manchego es si habr\u00eda que adelantar los comicios en el caso de que el Gobierno no consiguiera sacar adelante los Presupuestos para 2019 o si la presi\u00f3n de los independentistas aumentase. \u00abLas elecciones se celebran cuando las instituciones se bloquean\u00bb, se limit\u00f3 a declarar. Eso s\u00ed, Page avis\u00f3 de que aunque para ERC y PDECat el Gobierno \u00abest\u00e1 de alquiler\u00bb en La Moncloa, si los secesionistas dejasen de apoyar a S\u00e1nchez luego no se negociar\u00eda con ellos una futura investidura. \u00abEl bal\u00f3n est\u00e1 en el lado de los independentistas\u00bb, advirti\u00f3 Page. \u00abSi fuerzan una ruptura del equilibrio pol\u00edtico o unas elecciones anticipadas, es evidente que el mismo motivo que forzar\u00eda esa convocatoria electoral impedir\u00eda luego un acuerdo incluyente con ellos\u00bb, a\u00f1adi\u00f3.<br \/>\nVia: <a href=\"https:\/\/www.abc.es\/espana\/abci-page-exige-sanchez-no-finja-fortaleza-parlamentaria-201808080340_noticia.html\" target=\"_blank\">Page exige a S\u00e1nchez que no finja fortaleza parlamentaria<\/a><\/p>\n","protected":false},"excerpt":{"rendered":"<p>La fragilidad parlamentaria del Gobierno empieza a aflorar pese a sus esfuerzos por mostrar una imagen de resistencia. Pero negar la evidencia puede resultar contraproducente y, por ello, el presidente de Castilla-La Mancha, el socialista Emiliano Garc\u00eda-Page, expres\u00f3 ayer, en una entrevista con Europa Press, que el Ejecutivo no \u00abpuede [&hellip;]<\/p>\n","protected":false},"author":2,"featured_media":53132,"comment_status":"open","ping_status":"closed","sticky":false,"template":"","format":"standard","meta":{"footnotes":""},"categories":[6],"tags":[],"class_list":["post-53131","post","type-post","status-publish","format-standard","has-post-thumbnail","hentry","category-spanish"],"_links":{"self":[{"href":"https:\/\/theworldwidejournal.com\/index.php?rest_route=\/wp\/v2\/posts\/53131","targetHints":{"allow":["GET"]}}],"collection":[{"href":"https:\/\/theworldwidejournal.com\/index.php?rest_route=\/wp\/v2\/posts"}],"about":[{"href":"https:\/\/theworldwidejournal.com\/index.php?rest_route=\/wp\/v2\/types\/post"}],"author":[{"embeddable":true,"href":"https:\/\/theworldwidejournal.com\/index.php?rest_route=\/wp\/v2\/users\/2"}],"replies":[{"embeddable":true,"href":"https:\/\/theworldwidejournal.com\/index.php?rest_route=%2Fwp%2Fv2%2Fcomments&post=53131"}],"version-history":[{"count":0,"href":"https:\/\/theworldwidejournal.com\/index.php?rest_route=\/wp\/v2\/posts\/53131\/revisions"}],"wp:featuredmedia":[{"embeddable":true,"href":"https:\/\/theworldwidejournal.com\/index.php?rest_route=\/wp\/v2\/media\/53132"}],"wp:attachment":[{"href":"https:\/\/theworldwidejournal.com\/index.php?rest_route=%2Fwp%2Fv2%2Fmedia&parent=53131"}],"wp:term":[{"taxonomy":"category","embeddable":true,"href":"https:\/\/theworldwidejournal.com\/index.php?rest_route=%2Fwp%2Fv2%2Fcategories&post=53131"},{"taxonomy":"post_tag","embeddable":true,"href":"https:\/\/theworldwidejournal.com\/index.php?rest_route=%2Fwp%2Fv2%2Ftags&post=53131"}],"curies":[{"name":"wp","href":"https:\/\/api.w.org\/{rel}","templated":true}]}}