{"id":53197,"date":"1970-01-01T01:00:00","date_gmt":"1970-01-01T00:00:00","guid":{"rendered":"https:\/\/theworldwidejournal.com\/1970\/01\/01\/el-juez-del-1-o-pide-al-tsjc-que-investigue-a-aragones-jove-y-salvado\/"},"modified":"1970-01-01T01:00:00","modified_gmt":"1970-01-01T00:00:00","slug":"el-juez-del-1-o-pide-al-tsjc-que-investigue-a-aragones-jove-y-salvado","status":"publish","type":"post","link":"https:\/\/theworldwidejournal.com\/?p=53197","title":{"rendered":"El juez del 1-O pide al TSJC que investigue a Aragon\u00e8s, Jov\u00e9 y Salvad\u00f3"},"content":{"rendered":"<p>El titular del juzgado de instrucci\u00f3n n\u00famero 13 de Barcelona, que investiga el 1-O, ha remitido una exposici\u00f3n razonada al Tribunal Superior de Justicia de Catalu\u00f1a (TSJC) para investigue al vicepresidente del Govern, Pere Aragon\u00e9s, y a los actuales diputados de ERC Josep Maria Jov\u00e9 y Llu\u00eds Salvad\u00f3. Seg\u00fan ha informado el TSJC, la sala civil y penal ha recibido la exposici\u00f3n razonada del titular del juzgado de instrucci\u00f3n n\u00famero 13 para que asuma la causa respecto a tres investigados en su procedimiento, Aragon\u00e9s, Jov\u00e9 y Salvad\u00f3, ya que entiende que la competencia ser\u00eda del alto tribunal catal\u00e1n dada su condici\u00f3n de aforados. La magistrada del TSJC Maria Eug\u00e8nia Alegret ser\u00e1 ahora la encargada de decidir si el alto tribunal catal\u00e1n admite a tr\u00e1mite la solicitud planteada por el juez de Barcelona, que investiga a varios exaltos cargos del Govern por el 1-O.<br \/>\nVia: <a href=\"https:\/\/www.abc.es\/espana\/catalunya\/politica\/abci-juez-pide-tsjc-investigue-aragones-jove-y-salvado-201808081330_noticia.html\" target=\"_blank\">El juez del 1-O pide al TSJC que investigue a Aragon\u00e8s, Jov\u00e9 y Salvad\u00f3<\/a><\/p>\n","protected":false},"excerpt":{"rendered":"<p>El titular del juzgado de instrucci\u00f3n n\u00famero 13 de Barcelona, que investiga el 1-O, ha remitido una exposici\u00f3n razonada al Tribunal Superior de Justicia de Catalu\u00f1a (TSJC) para investigue al vicepresidente del Govern, Pere Aragon\u00e9s, y a los actuales diputados de ERC Josep Maria Jov\u00e9 y Llu\u00eds Salvad\u00f3. Seg\u00fan ha [&hellip;]<\/p>\n","protected":false},"author":2,"featured_media":53198,"comment_status":"open","ping_status":"closed","sticky":false,"template":"","format":"standard","meta":{"footnotes":""},"categories":[6],"tags":[],"class_list":["post-53197","post","type-post","status-publish","format-standard","has-post-thumbnail","hentry","category-spanish"],"_links":{"self":[{"href":"https:\/\/theworldwidejournal.com\/index.php?rest_route=\/wp\/v2\/posts\/53197","targetHints":{"allow":["GET"]}}],"collection":[{"href":"https:\/\/theworldwidejournal.com\/index.php?rest_route=\/wp\/v2\/posts"}],"about":[{"href":"https:\/\/theworldwidejournal.com\/index.php?rest_route=\/wp\/v2\/types\/post"}],"author":[{"embeddable":true,"href":"https:\/\/theworldwidejournal.com\/index.php?rest_route=\/wp\/v2\/users\/2"}],"replies":[{"embeddable":true,"href":"https:\/\/theworldwidejournal.com\/index.php?rest_route=%2Fwp%2Fv2%2Fcomments&post=53197"}],"version-history":[{"count":0,"href":"https:\/\/theworldwidejournal.com\/index.php?rest_route=\/wp\/v2\/posts\/53197\/revisions"}],"wp:featuredmedia":[{"embeddable":true,"href":"https:\/\/theworldwidejournal.com\/index.php?rest_route=\/wp\/v2\/media\/53198"}],"wp:attachment":[{"href":"https:\/\/theworldwidejournal.com\/index.php?rest_route=%2Fwp%2Fv2%2Fmedia&parent=53197"}],"wp:term":[{"taxonomy":"category","embeddable":true,"href":"https:\/\/theworldwidejournal.com\/index.php?rest_route=%2Fwp%2Fv2%2Fcategories&post=53197"},{"taxonomy":"post_tag","embeddable":true,"href":"https:\/\/theworldwidejournal.com\/index.php?rest_route=%2Fwp%2Fv2%2Ftags&post=53197"}],"curies":[{"name":"wp","href":"https:\/\/api.w.org\/{rel}","templated":true}]}}