{"id":53201,"date":"1970-01-01T01:00:00","date_gmt":"1970-01-01T00:00:00","guid":{"rendered":"https:\/\/theworldwidejournal.com\/1970\/01\/01\/ciudadanos-confirma-que-descarta-apoyar-la-mocion-contra-silvan\/"},"modified":"1970-01-01T01:00:00","modified_gmt":"1970-01-01T00:00:00","slug":"ciudadanos-confirma-que-descarta-apoyar-la-mocion-contra-silvan","status":"publish","type":"post","link":"https:\/\/theworldwidejournal.com\/?p=53201","title":{"rendered":"Ciudadanos confirma que descarta apoyar la moci\u00f3n contra Silv\u00e1n"},"content":{"rendered":"<p>Ciudadanos ha confirmado este mi\u00e9rcoles que no apoyar\u00e1 la moci\u00f3n de censura planteada por el PSOE para desalojar de la Alcald\u00eda de Le\u00f3n al popular Antonio Silv\u00e1n. As\u00ed lo ha comunicado su portavoz, Gemma Villarroel, tras darse 24 horas para analizar las explicaciones ofrecidas este martes por el regidor leon\u00e9s tras conocerse unas grabaciones en las que ofrec\u00eda en directo informaci\u00f3n sobre una mesa de contrataci\u00f3n al empresario Jos\u00e9 Luis Ulibarri, en prisi\u00f3n desde hace un mes por el caso \u00abEnredadera\u00bb. Seg\u00fan la portavoz de Cs, \u00abno\u00bb van a dar apoyo al PSOE en sus \u00abansias de coger el sill\u00f3n cuanto antes\u00bb. Por este motivo, descartan prestar su respaldo necesario para que pueda salir adelante la moci\u00f3n de censura que quieren los socialistas y que s\u00ed cuenta con el respaldo del resto de grupos de la oposici\u00f3n. Y es que su respaldo es necesario, pues PSOE, Le\u00f3n en Com\u00fan, Le\u00f3n Despierta y UPL suman 13 concejales, a falta de uno para la mayor\u00eda necesaria con la que desalojar a Silv\u00e1n. Adem\u00e1s, Villarroel ha descartado que uno de los ediles de Ciudadanos se una a la moci\u00f3n, tal y como ha vuelto a reclamar tambi\u00e9n este mi\u00e9rcoles el portavoz del PSOE e impulsor de la iniciativa, Jos\u00e9 Antonio D\u00edez.<br \/>\nVia: <a href=\"https:\/\/www.abc.es\/espana\/castilla-leon\/abci-ciudadanos-confirma-descarta-apoyar-mocion-contra-silvan-201808081339_noticia.html\" target=\"_blank\">Ciudadanos confirma que descarta apoyar la moci\u00f3n contra Silv\u00e1n<\/a><\/p>\n","protected":false},"excerpt":{"rendered":"<p>Ciudadanos ha confirmado este mi\u00e9rcoles que no apoyar\u00e1 la moci\u00f3n de censura planteada por el PSOE para desalojar de la Alcald\u00eda de Le\u00f3n al popular Antonio Silv\u00e1n. As\u00ed lo ha comunicado su portavoz, Gemma Villarroel, tras darse 24 horas para analizar las explicaciones ofrecidas este martes por el regidor leon\u00e9s [&hellip;]<\/p>\n","protected":false},"author":2,"featured_media":53202,"comment_status":"open","ping_status":"closed","sticky":false,"template":"","format":"standard","meta":{"footnotes":""},"categories":[6],"tags":[],"class_list":["post-53201","post","type-post","status-publish","format-standard","has-post-thumbnail","hentry","category-spanish"],"_links":{"self":[{"href":"https:\/\/theworldwidejournal.com\/index.php?rest_route=\/wp\/v2\/posts\/53201","targetHints":{"allow":["GET"]}}],"collection":[{"href":"https:\/\/theworldwidejournal.com\/index.php?rest_route=\/wp\/v2\/posts"}],"about":[{"href":"https:\/\/theworldwidejournal.com\/index.php?rest_route=\/wp\/v2\/types\/post"}],"author":[{"embeddable":true,"href":"https:\/\/theworldwidejournal.com\/index.php?rest_route=\/wp\/v2\/users\/2"}],"replies":[{"embeddable":true,"href":"https:\/\/theworldwidejournal.com\/index.php?rest_route=%2Fwp%2Fv2%2Fcomments&post=53201"}],"version-history":[{"count":0,"href":"https:\/\/theworldwidejournal.com\/index.php?rest_route=\/wp\/v2\/posts\/53201\/revisions"}],"wp:featuredmedia":[{"embeddable":true,"href":"https:\/\/theworldwidejournal.com\/index.php?rest_route=\/wp\/v2\/media\/53202"}],"wp:attachment":[{"href":"https:\/\/theworldwidejournal.com\/index.php?rest_route=%2Fwp%2Fv2%2Fmedia&parent=53201"}],"wp:term":[{"taxonomy":"category","embeddable":true,"href":"https:\/\/theworldwidejournal.com\/index.php?rest_route=%2Fwp%2Fv2%2Fcategories&post=53201"},{"taxonomy":"post_tag","embeddable":true,"href":"https:\/\/theworldwidejournal.com\/index.php?rest_route=%2Fwp%2Fv2%2Ftags&post=53201"}],"curies":[{"name":"wp","href":"https:\/\/api.w.org\/{rel}","templated":true}]}}