{"id":53269,"date":"1970-01-01T01:00:00","date_gmt":"1970-01-01T00:00:00","guid":{"rendered":"https:\/\/theworldwidejournal.com\/1970\/01\/01\/llega-courtois-se-va-kovacic\/"},"modified":"1970-01-01T01:00:00","modified_gmt":"1970-01-01T00:00:00","slug":"llega-courtois-se-va-kovacic","status":"publish","type":"post","link":"https:\/\/theworldwidejournal.com\/?p=53269","title":{"rendered":"Llega Courtois, se va Kovacic"},"content":{"rendered":"<p>Ya es oficial. La espera ha llegado a su fin, Thibaut Courtois, de 26 a\u00f1os, ha fichado por el Real Madrid. As\u00ed lo ha comunicado el club blanco, tanto en su p\u00e1gina web como en las redes sociales. \ud83d\udc4b Bienvenido al @RealMadrid, @thibautcourtois!#WelcomeCourtois| #HalaMadrid pic.twitter.com\/hHqzcomSQi&mdash; Real Madrid C.F. (@realmadrid) 8 de agosto de 2018 El belga recala en la entidad madridista por una cantidad de 34 millones de euros. El acuerdo incluye la cesi\u00f3n de Mateo Kovacic al Chelsea por una temproada, algo que tambi\u00e9n han comunicado, tanto los blancos como los londinenses. Tras el reconocimiento m\u00e9dico que se efectuar\u00e1 ma\u00f1ana jueves 9 de agosto, Courtois ser\u00e1 presentado a las 13:00 horas en el palco de honor del estadio Santiago Bernab\u00e9u. Ser\u00e1 a partir de entonces cuando los aficionados blancos puedan ver al Guante de Oro por primera vez como jugador del Real Madrid. We have tonight agreed terms with Real Madrid for the transfer of Thibaut Courtois, subject to the agreement of personal terms and a medical. As part of the deal, Mateo Kovacic will join Chelsea on a season-long loan.https:\/\/t.co\/WXhHzEdf6D&mdash; Chelsea FC (@ChelseaFC) 8 de agosto de 2018<br \/>\nVia: <a href=\"https:\/\/www.abc.es\/deportes\/real-madrid\/abci-real-madrid-ficha-thibaut-courtois-oficial-201808082110_noticia.html\" target=\"_blank\">Llega Courtois, se va Kovacic<\/a><\/p>\n","protected":false},"excerpt":{"rendered":"<p>Ya es oficial. La espera ha llegado a su fin, Thibaut Courtois, de 26 a\u00f1os, ha fichado por el Real Madrid. As\u00ed lo ha comunicado el club blanco, tanto en su p\u00e1gina web como en las redes sociales. \ud83d\udc4b Bienvenido al @RealMadrid, @thibautcourtois!#WelcomeCourtois| #HalaMadrid pic.twitter.com\/hHqzcomSQi&mdash; Real Madrid C.F. (@realmadrid) 8 [&hellip;]<\/p>\n","protected":false},"author":2,"featured_media":53270,"comment_status":"open","ping_status":"closed","sticky":false,"template":"","format":"standard","meta":{"footnotes":""},"categories":[6],"tags":[],"class_list":["post-53269","post","type-post","status-publish","format-standard","has-post-thumbnail","hentry","category-spanish"],"_links":{"self":[{"href":"https:\/\/theworldwidejournal.com\/index.php?rest_route=\/wp\/v2\/posts\/53269","targetHints":{"allow":["GET"]}}],"collection":[{"href":"https:\/\/theworldwidejournal.com\/index.php?rest_route=\/wp\/v2\/posts"}],"about":[{"href":"https:\/\/theworldwidejournal.com\/index.php?rest_route=\/wp\/v2\/types\/post"}],"author":[{"embeddable":true,"href":"https:\/\/theworldwidejournal.com\/index.php?rest_route=\/wp\/v2\/users\/2"}],"replies":[{"embeddable":true,"href":"https:\/\/theworldwidejournal.com\/index.php?rest_route=%2Fwp%2Fv2%2Fcomments&post=53269"}],"version-history":[{"count":0,"href":"https:\/\/theworldwidejournal.com\/index.php?rest_route=\/wp\/v2\/posts\/53269\/revisions"}],"wp:featuredmedia":[{"embeddable":true,"href":"https:\/\/theworldwidejournal.com\/index.php?rest_route=\/wp\/v2\/media\/53270"}],"wp:attachment":[{"href":"https:\/\/theworldwidejournal.com\/index.php?rest_route=%2Fwp%2Fv2%2Fmedia&parent=53269"}],"wp:term":[{"taxonomy":"category","embeddable":true,"href":"https:\/\/theworldwidejournal.com\/index.php?rest_route=%2Fwp%2Fv2%2Fcategories&post=53269"},{"taxonomy":"post_tag","embeddable":true,"href":"https:\/\/theworldwidejournal.com\/index.php?rest_route=%2Fwp%2Fv2%2Ftags&post=53269"}],"curies":[{"name":"wp","href":"https:\/\/api.w.org\/{rel}","templated":true}]}}