{"id":53275,"date":"1970-01-01T01:00:00","date_gmt":"1970-01-01T00:00:00","guid":{"rendered":"https:\/\/theworldwidejournal.com\/1970\/01\/01\/el-fuego-de-valencia-arrasa-un-parque-natural\/"},"modified":"1970-01-01T01:00:00","modified_gmt":"1970-01-01T00:00:00","slug":"el-fuego-de-valencia-arrasa-un-parque-natural","status":"publish","type":"post","link":"https:\/\/theworldwidejournal.com\/?p=53275","title":{"rendered":"El fuego de Valencia arrasa un parque natural"},"content":{"rendered":"<p>M\u00e1s de 48 horas despu\u00e9s del inicio del incendio declarado en el municipio valenciano de Llutxent a causa de un rayo, su evoluci\u00f3n sigue dependiendo de la meteorolog\u00eda. El objetivo de los efectivos de extinci\u00f3n se centra en consolidar el per\u00edmetro mientras el temor principal es el cambio en la direcci\u00f3n del viento, lo cual podr\u00eda propagar el fuego a mayor velocidad, tal como admiten desde el Consorcio Provincial de Bomberos de Valencia. Su presidente, Josep Bort, indic\u00f3 ayer que la prioridad es la zona oeste -concretamente el t\u00e9rmino de Pinet-, donde podr\u00edan encontrarse m\u00e1s problemas y donde existen serias dificultades para acceder por tierra. El director general de la Agencia de Seguridad y Respuesta a las Emergencias de la Generalitat, Jos\u00e9 Mar\u00eda \u00c1ngel, manifest\u00f3 que existe un \u00abmoderado optimismo\u00bb. Aunque siguen activos los dos frentes del incendio, uno sur -el m\u00e1s importante- y otro norte, indic\u00f3 que el aporte de calor no es tan virulento como la primera jornada y que la carga de humedad \u00abhace pensar que se puede ir a un umbral de dominio sobre la evoluci\u00f3n de fuego, su perimetraje y anclado\u00bb. Gand\u00eda, la m\u00e1s da\u00f1ada \u00c9ste afecta por el momento a un total de seis municipios y ya ha arrasado m\u00e1s de 2.800 hect\u00e1reas tanto de masa forestal como de campos agr\u00edcolas sin uso y arbustos, seg\u00fan los \u00faltimos datos al cierre de esta edici\u00f3n. Gand\u00eda es la localidad m\u00e1s perjudicada con 948,6 hect\u00e1reas quemadas, seguida de Llutxent con 840,6; Pinet con 818,6; Ador con 150,6; Barx con 87,11; y Quatretonda con 11,5. Adem\u00e1s, las llamas han calcinado unas 40 casas, la mayor\u00eda de ellas en las urbanizaciones de Montesol, Montepino y la Ermita. Una de las im\u00e1genes de mayor desolaci\u00f3n que deja el incendio ha sido la destrucci\u00f3n del paraje natural de El Surar, ubicado entre los t\u00e9rminos de Lutxent y Pinet. Se trata del bosque de alcornoques centenarios m\u00e1s meridional del territorio valenciano, un emblema de la zona y un importante motor econ\u00f3mico. Por su parte, el Ayuntamiento de Quatretonda prohibi\u00f3 el acceso a la sierra y la circulaci\u00f3n por el camino que lleva a ella ante la posibilidad de que las llamas lleguen \u00abcon mucha velocidad\u00bb a este lugar como consecuencia del viento de Levante. Adem\u00e1s, recomend\u00f3 a los residentes en las viviendas de campo que las abandonen y bajen lo antes posible al casco urbano del municipio. El presidente de la Generalitat Valenciana, Ximo Puig, se\u00f1al\u00f3 ayer tras la \u00faltima reuni\u00f3n del Centro de Coordinaci\u00f3n Operativa Integrada (Cecopi) que la situaci\u00f3n \u00abcontin\u00faa siendo extraordinariamente complicada\u00bb. En este sentido, lament\u00f3 que los vientos fueron \u00abhuracanados\u00bb durante el pasado martes, lo que unido a los \u00abmultidirecci\u00f3n\u00bb imped\u00edan \u00abatajar el fuego\u00bb. \u00abHa habido una serie de concatenaciones climatol\u00f3gicas, junto a la situaci\u00f3n de la propia masa forestal, que han hecho absolutamente imposible dar al incendio la respuesta que con otros condicionantes se habr\u00eda podido dar\u00bb, explic\u00f3. A\u00fan as\u00ed, se mostr\u00f3 convencido de que la soluci\u00f3n llegue en los pr\u00f3ximos d\u00edas. Desalojos Al t\u00e9rmino de este encuentro de coordinaci\u00f3n, la consellera de Justicia, Gabriela Bravo, tambi\u00e9n anunci\u00f3 que las casi 3.000 personas desalojadas de manera preventiva no podr\u00edan volver a sus casas esta pasada noche. Si todo va bien y las condiciones no cambian, regresar\u00e1n a lo largo del d\u00eda de hoy, cuando se espera un mayor nivel de control. Los vecinos, con incertidumbre y desesperaci\u00f3n por el estado de sus viviendas, esperan en las zonas de seguridad habilitadas por la Guardia Civil y han sido reubicados por parte de los Ayuntamientos y con la colaboraci\u00f3n de voluntarios de Cruz Roja en diversos espacios, como albergues u hoteles. El Consistorio de Gand\u00eda, adem\u00e1s, ha acordado solicitar al Gobierno central la declaraci\u00f3n de emergencia de las zonas da\u00f1adas, as\u00ed como ayudas econ\u00f3micas por da\u00f1os y la apertura de l\u00edneas de pr\u00e9stamos preferenciales subvencionadas por el ICO. Como consecuencia del incendio permanecen cortadas al tr\u00e1fico las carreteras CV-608 en Llutxent en ambos sentidos y CV-675 en sentido a Barx, seg\u00fan inform\u00f3 la Delegaci\u00f3n del Gobierno en la Comunidad Valenciana. En la zona afectada trabajan m\u00e1s de 700 efectivos terrestres y 27 a\u00e9reos procedentes de distintos cuerpos y administraciones como bomberos forestales y personal de medio ambiente de la Generalitat, miembros de los consorcios provinciales de bomberos de Valencia, Castell\u00f3n y Alicante y personal del Cuerpo Municipal de Bomberos de Valencia. Incluso un grupo de bomberos de Valencia que se encontraba de vacaciones o fuera de servicio se ha presentado voluntariamente. Asimismo, forman parte de este dispositivo medios del Ministerio de Agricultura, Pesca y Alimentaci\u00f3n, componentes de la Unidad Militar de Emergencia (UME) y de la Guardia Civil, la Agrupaci\u00f3n Forestal contra Incendios de Alcoy. En las labores de extinci\u00f3n del incendio participan tambi\u00e9n brigadas forestales de la Diputaci\u00f3n de Valencia.<br \/>\nVia: <a href=\"https:\/\/www.abc.es\/sociedad\/abci-fuego-valencia-arrasa-parque-natural-201808090350_noticia.html\" target=\"_blank\">El fuego de Valencia arrasa un parque natural<\/a><\/p>\n","protected":false},"excerpt":{"rendered":"<p>M\u00e1s de 48 horas despu\u00e9s del inicio del incendio declarado en el municipio valenciano de Llutxent a causa de un rayo, su evoluci\u00f3n sigue dependiendo de la meteorolog\u00eda. El objetivo de los efectivos de extinci\u00f3n se centra en consolidar el per\u00edmetro mientras el temor principal es el cambio en la [&hellip;]<\/p>\n","protected":false},"author":2,"featured_media":53276,"comment_status":"open","ping_status":"closed","sticky":false,"template":"","format":"standard","meta":{"footnotes":""},"categories":[6],"tags":[],"class_list":["post-53275","post","type-post","status-publish","format-standard","has-post-thumbnail","hentry","category-spanish"],"_links":{"self":[{"href":"https:\/\/theworldwidejournal.com\/index.php?rest_route=\/wp\/v2\/posts\/53275","targetHints":{"allow":["GET"]}}],"collection":[{"href":"https:\/\/theworldwidejournal.com\/index.php?rest_route=\/wp\/v2\/posts"}],"about":[{"href":"https:\/\/theworldwidejournal.com\/index.php?rest_route=\/wp\/v2\/types\/post"}],"author":[{"embeddable":true,"href":"https:\/\/theworldwidejournal.com\/index.php?rest_route=\/wp\/v2\/users\/2"}],"replies":[{"embeddable":true,"href":"https:\/\/theworldwidejournal.com\/index.php?rest_route=%2Fwp%2Fv2%2Fcomments&post=53275"}],"version-history":[{"count":0,"href":"https:\/\/theworldwidejournal.com\/index.php?rest_route=\/wp\/v2\/posts\/53275\/revisions"}],"wp:featuredmedia":[{"embeddable":true,"href":"https:\/\/theworldwidejournal.com\/index.php?rest_route=\/wp\/v2\/media\/53276"}],"wp:attachment":[{"href":"https:\/\/theworldwidejournal.com\/index.php?rest_route=%2Fwp%2Fv2%2Fmedia&parent=53275"}],"wp:term":[{"taxonomy":"category","embeddable":true,"href":"https:\/\/theworldwidejournal.com\/index.php?rest_route=%2Fwp%2Fv2%2Fcategories&post=53275"},{"taxonomy":"post_tag","embeddable":true,"href":"https:\/\/theworldwidejournal.com\/index.php?rest_route=%2Fwp%2Fv2%2Ftags&post=53275"}],"curies":[{"name":"wp","href":"https:\/\/api.w.org\/{rel}","templated":true}]}}