{"id":53342,"date":"1970-01-01T01:00:00","date_gmt":"1970-01-01T00:00:00","guid":{"rendered":"https:\/\/theworldwidejournal.com\/1970\/01\/01\/courtois-me-hice-madridista-al-ver-a-un-joven-como-casillas-en-la-porteria-blanca\/"},"modified":"1970-01-01T01:00:00","modified_gmt":"1970-01-01T00:00:00","slug":"courtois-me-hice-madridista-al-ver-a-un-joven-como-casillas-en-la-porteria-blanca","status":"publish","type":"post","link":"https:\/\/theworldwidejournal.com\/?p=53342","title":{"rendered":"Courtois: \u00abMe hice madridista al ver a un joven como Casillas en la porter\u00eda blanca\u00bb"},"content":{"rendered":"<p>Elegante, Courtois se puso frente al punto fat\u00eddico de la prensa para contestar su fusilamiento de preguntas. Por fin se encuentra en madrid, como deseaba, para vivir cerca de sus dos lebreles, y firma por el campe\u00f3n de Europa, por el equipo dominador del f\u00fatbol continental desde hace un lustro. El cancerbero fue sincero: \u00abVengo a ganar t\u00edtulos con el Real Madrid\u00bb. Lo dice con claridad. El Chelsea no ha sido un asiduo de los \u00e9xitos, aunque ha celebrado triunfos importantes, nada comparables con el conjunto blanco. El guardameta belga llega al club que m\u00e1s trofeos gana en el \u00faltimo lustro. No es balad\u00ed. Firma por seis temporadas, para rematar lo mejor de su carrera. Kovacic toma el avi\u00f3n contrario, ya est\u00e1 en Londres con el Chelsea. Era madridista desde ni\u00f1o y no es mentira. Admiraba a Casillas. Fue uno de sus referentes. La vida profesional le hizo tomar otros derroteros. Pertenec\u00eda al Chelsea y jug\u00f3 en el Atl\u00e9tico de Madrid. como \u00e9l dice, vivi\u00f3 lo que es medirse al Real Madrid Ahora por fin est\u00e1 en el sitio donde siempre quiso. Y no deja de hablar bien del Atl\u00e9tico. \u00abEste es el due\u00f1o de mi vida. Soy madridista. Quiero ganar t\u00edtulos aqu\u00ed. Soy muy feliz. No ha sido f\u00e1cil llegar al Real Madrid, pero por fin lo he conseguido\u00bb. ABC le pregunt\u00f3 el qu\u00e9, cuando, como y por qu\u00e9 era madridista desde chaval: \u00abMe hice madridista al fijarme en \u00cdker Casillas, que ha sido uno de mis referentes. Era titular muy joven, con 18 a\u00f1os. Y en 2002, cuando ten\u00eda diez a\u00f1os, me regalaron una camiseta del Madrid en un partido frente al Anderlecht, y as\u00ed comenz\u00f3 una relaci\u00f3n constante con el Real Madrid\u00bb. Valor\u00f3 a aquel Casillas: \u00abMe sorprend\u00eda su titularidad con 18 a\u00f1os. Sus reflejos y su capacidad. Despu\u00e9s, yo tambi\u00e9n comenc\u00e9 muy joven a asumir esa responsabilidad en el Atl\u00e9tico\u00bb. Analiz\u00f3 c\u00f3mo sentar\u00e1 en la casa rojiblanca que diga que es madridista: \u00abTengo mucho respeto al Atleti, pas\u00e9 tres a\u00f1os muy bonitos, pero vine cedido, es diferente. He he besado el escudo del Real Madrid porque es donde quer\u00eda estar\u00bb. Ser\u00e1 un bonito duelo el qu\u00e9 vivir\u00e1 con Keylor Navas: \u00abCuando llegu\u00e9 al Chelsea estaba Peter Cech y sucedi\u00f3 lo mismo. No me importa el n\u00famero que lleve, lo que quiero es jugar y ganar t\u00edtulos en un club que ha logrado tres Champions en tres a\u00f1os\u00bb. Habl\u00f3 de la calidad de Navas: \u00abEs un grand\u00edsimo portero, de grandes reflejos. Yo tambi\u00e9n tengo reflejos y voy bien por alto\u00bb. Pidi\u00f3 perd\u00f3n por aquellas palabras cr\u00edticas con el conjunto blanco cuando celebraba un t\u00edtulo rojiblanco: \u00abPido perd\u00f3n, era muy joven y me dej\u00e9 llevar por el momento\u00bb. Habl\u00f3 de los refuerzos del rey de Europa y de la mesura de la entidad en no tirar el dinero: \u00abEs una plantilla muy fuerte y tampoco creo que haga falta fichar cada verano\u00bb. .<br \/>\nVia: <a href=\"https:\/\/www.abc.es\/deportes\/real-madrid\/abci-courtois-hice-madridista-joven-como-casillas-porteria-blanca-201808091507_noticia.html\" target=\"_blank\">Courtois: \u00abMe hice madridista al ver a un joven como Casillas en la porter\u00eda blanca\u00bb<\/a><\/p>\n","protected":false},"excerpt":{"rendered":"<p>Elegante, Courtois se puso frente al punto fat\u00eddico de la prensa para contestar su fusilamiento de preguntas. Por fin se encuentra en madrid, como deseaba, para vivir cerca de sus dos lebreles, y firma por el campe\u00f3n de Europa, por el equipo dominador del f\u00fatbol continental desde hace un lustro. [&hellip;]<\/p>\n","protected":false},"author":2,"featured_media":53343,"comment_status":"open","ping_status":"closed","sticky":false,"template":"","format":"standard","meta":{"footnotes":""},"categories":[6],"tags":[],"class_list":["post-53342","post","type-post","status-publish","format-standard","has-post-thumbnail","hentry","category-spanish"],"_links":{"self":[{"href":"https:\/\/theworldwidejournal.com\/index.php?rest_route=\/wp\/v2\/posts\/53342","targetHints":{"allow":["GET"]}}],"collection":[{"href":"https:\/\/theworldwidejournal.com\/index.php?rest_route=\/wp\/v2\/posts"}],"about":[{"href":"https:\/\/theworldwidejournal.com\/index.php?rest_route=\/wp\/v2\/types\/post"}],"author":[{"embeddable":true,"href":"https:\/\/theworldwidejournal.com\/index.php?rest_route=\/wp\/v2\/users\/2"}],"replies":[{"embeddable":true,"href":"https:\/\/theworldwidejournal.com\/index.php?rest_route=%2Fwp%2Fv2%2Fcomments&post=53342"}],"version-history":[{"count":0,"href":"https:\/\/theworldwidejournal.com\/index.php?rest_route=\/wp\/v2\/posts\/53342\/revisions"}],"wp:featuredmedia":[{"embeddable":true,"href":"https:\/\/theworldwidejournal.com\/index.php?rest_route=\/wp\/v2\/media\/53343"}],"wp:attachment":[{"href":"https:\/\/theworldwidejournal.com\/index.php?rest_route=%2Fwp%2Fv2%2Fmedia&parent=53342"}],"wp:term":[{"taxonomy":"category","embeddable":true,"href":"https:\/\/theworldwidejournal.com\/index.php?rest_route=%2Fwp%2Fv2%2Fcategories&post=53342"},{"taxonomy":"post_tag","embeddable":true,"href":"https:\/\/theworldwidejournal.com\/index.php?rest_route=%2Fwp%2Fv2%2Ftags&post=53342"}],"curies":[{"name":"wp","href":"https:\/\/api.w.org\/{rel}","templated":true}]}}