{"id":53344,"date":"1970-01-01T01:00:00","date_gmt":"1970-01-01T00:00:00","guid":{"rendered":"https:\/\/theworldwidejournal.com\/1970\/01\/01\/omnium-pide-homenajear-a-los-procesados-trapero-y-forn-en-el-aniversario-de-los-atentados-de-cataluna\/"},"modified":"1970-01-01T01:00:00","modified_gmt":"1970-01-01T00:00:00","slug":"omnium-pide-homenajear-a-los-procesados-trapero-y-forn-en-el-aniversario-de-los-atentados-de-cataluna","status":"publish","type":"post","link":"https:\/\/theworldwidejournal.com\/?p=53344","title":{"rendered":"\u00d2mnium pide homenajear a los procesados Trapero y Forn en el aniversario de los atentados de Catalu\u00f1a"},"content":{"rendered":"<p>El vicepresidente de \u00d2mnium Cultural, Marcel Mauri, ha pedido que el primer aniversario del atentado en Barcelona y Cambrils (Tarragona) sirva para homenajear a las v\u00edctimas y sus familias y \u00abagradecer la tarea de los servidores p\u00fablicos que se dejaron la piel por la seguridad de todo el mundo, ejemplificados en el mayor Trapero y el conseller Forn\u00bb. En declaraciones a los medios este jueves, ha recordado que el entonces conseller de Interior, Joaquim Forn, \u00ablleva casi 10 meses en la c\u00e1rcel de forma absolutamente injusta\u00bb, y que lider\u00f3 la respuesta al atentado junto al entonces mayor de los Mossos d&#8217;Esquadra, Josep Llu\u00eds Trapero, tambi\u00e9n procesado por el refer\u00e9ndum ilegal del 1 de octubre. Por ello ha pedido homenajearlos tambi\u00e9n el viernes 17 de agosto \u00abcomo ocurre en cualquier otro pa\u00eds\u00bb cuando se conmemora un suceso de estas caractar\u00edsticas, a la vez que se recuerde a las v\u00edctimas. La presencia del Rey Sobre la presencia del Rey Felipe VI en los actos de la pr\u00f3xima semana, ha asegurado que \u00d2mnium no entrar\u00e1 \u00aben ninguna pol\u00e9mica ni en gente que parece que busque protagonismo\u00bb, y ha insistido en que debe ser un d\u00eda para las v\u00edctimas y los cuerpos de seguridad. \u00abAh\u00ed tiene que estar el foco, y en ning\u00fan otro sitio. Y que nadie quiera tener el protagonismo que no le corresponde\u00bb, ha zanjado. El presidente del Gobierno, Pedro S\u00e1nchez, revel\u00f3 la pasada semana que Felipe VI acudir\u00e1 acompa\u00f1ado de la Reina Letizia a la conmemoraci\u00f3n del atentado en Barcelona a pesar de la situaci\u00f3n que se vivi\u00f3 el a\u00f1o pasado, cuando tanto el Rey como el entonces presidente del Gobierno, Mariano Rajoy, recibieron abucheos.<br \/>\nVia: <a href=\"https:\/\/www.abc.es\/espana\/catalunya\/abci-omnium-pide-homenajear-procesados-trapero-y-forn-aniversario-atentados-cataluna-201808091544_noticia.html\" target=\"_blank\">\u00d2mnium pide homenajear a los procesados Trapero y Forn en el aniversario de los atentados de Catalu\u00f1a<\/a><\/p>\n","protected":false},"excerpt":{"rendered":"<p>El vicepresidente de \u00d2mnium Cultural, Marcel Mauri, ha pedido que el primer aniversario del atentado en Barcelona y Cambrils (Tarragona) sirva para homenajear a las v\u00edctimas y sus familias y \u00abagradecer la tarea de los servidores p\u00fablicos que se dejaron la piel por la seguridad de todo el mundo, ejemplificados [&hellip;]<\/p>\n","protected":false},"author":2,"featured_media":53345,"comment_status":"open","ping_status":"closed","sticky":false,"template":"","format":"standard","meta":{"footnotes":""},"categories":[6],"tags":[],"class_list":["post-53344","post","type-post","status-publish","format-standard","has-post-thumbnail","hentry","category-spanish"],"_links":{"self":[{"href":"https:\/\/theworldwidejournal.com\/index.php?rest_route=\/wp\/v2\/posts\/53344","targetHints":{"allow":["GET"]}}],"collection":[{"href":"https:\/\/theworldwidejournal.com\/index.php?rest_route=\/wp\/v2\/posts"}],"about":[{"href":"https:\/\/theworldwidejournal.com\/index.php?rest_route=\/wp\/v2\/types\/post"}],"author":[{"embeddable":true,"href":"https:\/\/theworldwidejournal.com\/index.php?rest_route=\/wp\/v2\/users\/2"}],"replies":[{"embeddable":true,"href":"https:\/\/theworldwidejournal.com\/index.php?rest_route=%2Fwp%2Fv2%2Fcomments&post=53344"}],"version-history":[{"count":0,"href":"https:\/\/theworldwidejournal.com\/index.php?rest_route=\/wp\/v2\/posts\/53344\/revisions"}],"wp:featuredmedia":[{"embeddable":true,"href":"https:\/\/theworldwidejournal.com\/index.php?rest_route=\/wp\/v2\/media\/53345"}],"wp:attachment":[{"href":"https:\/\/theworldwidejournal.com\/index.php?rest_route=%2Fwp%2Fv2%2Fmedia&parent=53344"}],"wp:term":[{"taxonomy":"category","embeddable":true,"href":"https:\/\/theworldwidejournal.com\/index.php?rest_route=%2Fwp%2Fv2%2Fcategories&post=53344"},{"taxonomy":"post_tag","embeddable":true,"href":"https:\/\/theworldwidejournal.com\/index.php?rest_route=%2Fwp%2Fv2%2Ftags&post=53344"}],"curies":[{"name":"wp","href":"https:\/\/api.w.org\/{rel}","templated":true}]}}