{"id":53346,"date":"1970-01-01T01:00:00","date_gmt":"1970-01-01T00:00:00","guid":{"rendered":"https:\/\/theworldwidejournal.com\/1970\/01\/01\/muere-un-hombre-en-avila-por-fiebre-crimea-congo\/"},"modified":"1970-01-01T01:00:00","modified_gmt":"1970-01-01T00:00:00","slug":"muere-un-hombre-en-avila-por-fiebre-crimea-congo","status":"publish","type":"post","link":"https:\/\/theworldwidejournal.com\/?p=53346","title":{"rendered":"Muere un hombre en \u00c1vila por fiebre Crimea-Congo"},"content":{"rendered":"<p>Un var\u00f3n de 74 a\u00f1os cuya identidad no ha sido facilitada ha fallecido durante la madrugada del mi\u00e9rcoles, 8 de agosto, en el Complejo Asistencial de \u00c1vila a causa de la fiebre Crimea-Congo, seg\u00fan ha informado la Consejer\u00eda de Sanidad a trav\u00e9s de un comunicado recogido por Europa Press. Seg\u00fan ha informado el mismo departamento, el paciente hab\u00eda participado a finales de julio en una actividad cineg\u00e9tica en la localidad pacense de Helechosa de los Montes, donde sufri\u00f3 la picadura de una garrapata, lo que llev\u00f3 a la sospecha de que pudiera tratarse de una infecci\u00f3n transmitida por garrapatas. El proceso infeccioso le ocasion\u00f3 fiebre elevada y un cuadro cl\u00ednico que condujo al deceso a pesar de los esfuerzos del personal sanitario. Seg\u00fan han relatado las mismas fuentes, en cuanto se estableci\u00f3 la sospecha se pusieron en marcha los protocolos de actuaci\u00f3n y coordinaci\u00f3n entre las autoridades sanitarias del Ministerio de Sanidad, Consumo y Bienestar Social y las comunidades aut\u00f3nomas de Castilla y Le\u00f3n y Extremadura. En funci\u00f3n de este protocolo de actuaci\u00f3n, consensuado en la Comisi\u00f3n de Salud P\u00fablica del Consejo Interterritorial del Sistema Nacional de Salud, se remitieron muestras de sangre del paciente al Centro Nacional de Microbiolog\u00eda del Instituto de Salud \u00abCarlos III\u00bb, que confirm\u00f3 en la tarde de ayer que se trataba de una infecci\u00f3n por el virus de Crimea-Congo. Por su parte, los Servicios de Epidemiolog\u00eda de la Junta de Castilla y Le\u00f3n, en colaboraci\u00f3n con los profesionales sanitarios del Complejo Asistencial de \u00c1vila, trabaja para identificar a los posibles contactos del fallecido e indicarles el seguimiento a realizar que, en el caso de que hayan tenido un contacto estrecho, consistir\u00e1 en vigilar peri\u00f3dicamente su temperatura corporal y comunicar a su epidemi\u00f3logo de referencia cualquier cambio en su estado de salud. Por su parte, las autoridades sanitarias extreme\u00f1as, a trav\u00e9s de la Direcci\u00f3n General de Salud P\u00fablica y de la Direcci\u00f3n de Salud del \u00c1rea de Don Benito-Villanueva de la Serena, han tomando las medidas oportunas para informar a la poblaci\u00f3n y a sus profesionales sanitarios \u00aby de esta manera evitar en la medida de lo posible nuevas infecciones\u00bb. Seg\u00fan aseguran las mismas fuentes, los servicios de epidemiolog\u00eda de ambas comunidades aut\u00f3nomas est\u00e1n en contacto permanente por si hubiera que establecer vigilancia de posibles contactos en Extremadura. La fiebre de Crimea-Congo est\u00e1 causada por un virus, cuyo mecanismo de transmisi\u00f3n principal es la picadura de la garrapata del g\u00e9nero \u00abHyalomma\u00bb, aunque se tambi\u00e9n puede contagiar a partir de un caso por contacto con sangre o fluidos del enfermo, de forma asimilable a la transmisi\u00f3n de otras enfermedades m\u00e1s comunes en nuestro medio como la hepatitis B. En cuanto a la prevenci\u00f3n de las picaduras por garrapatas, las autoridades sanitarias recuerdan la importancia de usar ropa y calzado adecuados durante las salidas al campo, as\u00ed como transitar por los caminos y utilizar repelentes tanto para las personas como para los animales de compa\u00f1\u00eda. \u00abAdem\u00e1s deben retirarse lo antes posible y de forma adecuada las garrapatas que se puedan haber fijado, preferentemente por profesionales sanitarios\u00bb, recomiendan desde la Consejer\u00eda de Sanidad.<br \/>\nVia: <a href=\"https:\/\/www.abc.es\/espana\/castilla-leon\/abci-fallece-hombre-avila-fibre-crimea-congo-201808091252_noticia.html\" target=\"_blank\">Muere un hombre en \u00c1vila por fiebre Crimea-Congo<\/a><\/p>\n","protected":false},"excerpt":{"rendered":"<p>Un var\u00f3n de 74 a\u00f1os cuya identidad no ha sido facilitada ha fallecido durante la madrugada del mi\u00e9rcoles, 8 de agosto, en el Complejo Asistencial de \u00c1vila a causa de la fiebre Crimea-Congo, seg\u00fan ha informado la Consejer\u00eda de Sanidad a trav\u00e9s de un comunicado recogido por Europa Press. Seg\u00fan [&hellip;]<\/p>\n","protected":false},"author":2,"featured_media":53347,"comment_status":"open","ping_status":"closed","sticky":false,"template":"","format":"standard","meta":{"footnotes":""},"categories":[6],"tags":[],"class_list":["post-53346","post","type-post","status-publish","format-standard","has-post-thumbnail","hentry","category-spanish"],"_links":{"self":[{"href":"https:\/\/theworldwidejournal.com\/index.php?rest_route=\/wp\/v2\/posts\/53346","targetHints":{"allow":["GET"]}}],"collection":[{"href":"https:\/\/theworldwidejournal.com\/index.php?rest_route=\/wp\/v2\/posts"}],"about":[{"href":"https:\/\/theworldwidejournal.com\/index.php?rest_route=\/wp\/v2\/types\/post"}],"author":[{"embeddable":true,"href":"https:\/\/theworldwidejournal.com\/index.php?rest_route=\/wp\/v2\/users\/2"}],"replies":[{"embeddable":true,"href":"https:\/\/theworldwidejournal.com\/index.php?rest_route=%2Fwp%2Fv2%2Fcomments&post=53346"}],"version-history":[{"count":0,"href":"https:\/\/theworldwidejournal.com\/index.php?rest_route=\/wp\/v2\/posts\/53346\/revisions"}],"wp:featuredmedia":[{"embeddable":true,"href":"https:\/\/theworldwidejournal.com\/index.php?rest_route=\/wp\/v2\/media\/53347"}],"wp:attachment":[{"href":"https:\/\/theworldwidejournal.com\/index.php?rest_route=%2Fwp%2Fv2%2Fmedia&parent=53346"}],"wp:term":[{"taxonomy":"category","embeddable":true,"href":"https:\/\/theworldwidejournal.com\/index.php?rest_route=%2Fwp%2Fv2%2Fcategories&post=53346"},{"taxonomy":"post_tag","embeddable":true,"href":"https:\/\/theworldwidejournal.com\/index.php?rest_route=%2Fwp%2Fv2%2Ftags&post=53346"}],"curies":[{"name":"wp","href":"https:\/\/api.w.org\/{rel}","templated":true}]}}