{"id":53487,"date":"1970-01-01T01:00:00","date_gmt":"1970-01-01T00:00:00","guid":{"rendered":"https:\/\/theworldwidejournal.com\/1970\/01\/01\/detienen-en-leon-a-santiago-izquierdo-trancho-el-preso-huido-desde-la-pasada-semana\/"},"modified":"1970-01-01T01:00:00","modified_gmt":"1970-01-01T00:00:00","slug":"detienen-en-leon-a-santiago-izquierdo-trancho-el-preso-huido-desde-la-pasada-semana","status":"publish","type":"post","link":"https:\/\/theworldwidejournal.com\/?p=53487","title":{"rendered":"Detienen en Le\u00f3n a Santiago Izquierdo Trancho, el preso huido desde la pasada semana"},"content":{"rendered":"<p>La Polic\u00eda Nacional detuvo este viernes en Le\u00f3n al preso Santiago Izquierdo Trancho, huido de la Justicia desde el pasado lunes, 30 de julio, despu\u00e9s de no presentarse en el Centro de Inserci\u00f3n Social (CIS) al t\u00e9rmino de un permiso penitenciario, seg\u00fan confirm\u00f3 el subdelegado del Gobierno, Faustino S\u00e1nchez. S\u00e1nchez explic\u00f3 que la detenci\u00f3n se produjo entre las 10 y las 10.30 horas de la ma\u00f1ana de este viernes en Le\u00f3n capital, tras una \u00abimportante\u00bb labor de investigaci\u00f3n por parte de los Cuerpos y Fuerzas de Seguridad del Estado, \u00abque priorizaron su b\u00fasqueda debido a la gran alarma social que se hab\u00eda creado\u00bb. La Polic\u00eda ha informado de que el preso ha sido localizado en el barrio del Crucero de la capital leonesa, donde permanec\u00eda escondido en el interior de una vivienda. Al percatarse de la presencia policial trat\u00f3 de huir a trav\u00e9s de varios inmuebles, logr\u00e1ndose su detenci\u00f3n tras refugiarse en una carbonera. En el momento de la detenci\u00f3n no opuso resistencia. Guardaba entre sus ropas un cuchillo y un destornillador que guardaba entre sus ropas. En el momento de su huida, Santiago Izquierdo Trancho disfrutaba de un permiso penitenciario que le garantizaba desplazarse por sus propios medios desde la prisi\u00f3n de Mansilla de las Mulas, en la que cumpl\u00eda condena, hasta el Centro de Inserci\u00f3n Social Jes\u00fas Haddad Blanco de la capital leonesa. Considerado uno de los presos m\u00e1s peligrosos de Espa\u00f1a, Izquierdo Trancho tendr\u00e1 que enfrentarse a una nueva causa por quebrantamiento de condena cuando sea detenido. El recluso ingres\u00f3 por primera vez en la c\u00e1rcel en mayo de 1985, acusado de asesinato. Ya en prisi\u00f3n, habr\u00eda sumado a su historial delictivo la muerte de un compa\u00f1ero recluso, as\u00ed como otros delitos como el secuestro de funcionarios, el desacato, la agresi\u00f3n, las amenazas o el robo, que habr\u00edan elevado sus condenas hasta los 138 a\u00f1os. El reo fue tambi\u00e9n uno de los l\u00edderes del mot\u00edn que en 1991 sufri\u00f3 la c\u00e1rcel de Herrera de la Mancha (Ciudad Real) y ha protagonizado numerosos intentos de fuga. En la actualidad y tras haber cumplido las penas m\u00e1s largas a las que hab\u00eda sido sentenciado, Izquierdo cumpl\u00eda una condena de tres a\u00f1os y tres meses a causa de tres robos.<br \/>\nVia: <a href=\"https:\/\/www.abc.es\/espana\/castilla-leon\/abci-detienen-leon-santiago-izquierdo-trancho-preso-huido-desde-pasada-semana-201808101302_noticia.html\" target=\"_blank\">Detienen en Le\u00f3n a Santiago Izquierdo Trancho, el preso huido desde la pasada semana<\/a><\/p>\n","protected":false},"excerpt":{"rendered":"<p>La Polic\u00eda Nacional detuvo este viernes en Le\u00f3n al preso Santiago Izquierdo Trancho, huido de la Justicia desde el pasado lunes, 30 de julio, despu\u00e9s de no presentarse en el Centro de Inserci\u00f3n Social (CIS) al t\u00e9rmino de un permiso penitenciario, seg\u00fan confirm\u00f3 el subdelegado del Gobierno, Faustino S\u00e1nchez. S\u00e1nchez [&hellip;]<\/p>\n","protected":false},"author":2,"featured_media":53488,"comment_status":"open","ping_status":"closed","sticky":false,"template":"","format":"standard","meta":{"footnotes":""},"categories":[6],"tags":[],"class_list":["post-53487","post","type-post","status-publish","format-standard","has-post-thumbnail","hentry","category-spanish"],"_links":{"self":[{"href":"https:\/\/theworldwidejournal.com\/index.php?rest_route=\/wp\/v2\/posts\/53487","targetHints":{"allow":["GET"]}}],"collection":[{"href":"https:\/\/theworldwidejournal.com\/index.php?rest_route=\/wp\/v2\/posts"}],"about":[{"href":"https:\/\/theworldwidejournal.com\/index.php?rest_route=\/wp\/v2\/types\/post"}],"author":[{"embeddable":true,"href":"https:\/\/theworldwidejournal.com\/index.php?rest_route=\/wp\/v2\/users\/2"}],"replies":[{"embeddable":true,"href":"https:\/\/theworldwidejournal.com\/index.php?rest_route=%2Fwp%2Fv2%2Fcomments&post=53487"}],"version-history":[{"count":0,"href":"https:\/\/theworldwidejournal.com\/index.php?rest_route=\/wp\/v2\/posts\/53487\/revisions"}],"wp:featuredmedia":[{"embeddable":true,"href":"https:\/\/theworldwidejournal.com\/index.php?rest_route=\/wp\/v2\/media\/53488"}],"wp:attachment":[{"href":"https:\/\/theworldwidejournal.com\/index.php?rest_route=%2Fwp%2Fv2%2Fmedia&parent=53487"}],"wp:term":[{"taxonomy":"category","embeddable":true,"href":"https:\/\/theworldwidejournal.com\/index.php?rest_route=%2Fwp%2Fv2%2Fcategories&post=53487"},{"taxonomy":"post_tag","embeddable":true,"href":"https:\/\/theworldwidejournal.com\/index.php?rest_route=%2Fwp%2Fv2%2Ftags&post=53487"}],"curies":[{"name":"wp","href":"https:\/\/api.w.org\/{rel}","templated":true}]}}